{"id":14908,"date":"2022-03-16T02:00:10","date_gmt":"2022-03-16T02:00:10","guid":{"rendered":"https:\/\/graswurzle.ch\/?p=14908"},"modified":"2022-03-17T14:45:59","modified_gmt":"2022-03-17T14:45:59","slug":"kunst-stellt-sich-der-sinnfrage","status":"publish","type":"post","link":"https:\/\/graswurzle.ch\/fr\/kunst-stellt-sich-der-sinnfrage\/","title":{"rendered":"Kunst stellt sich der Sinnfrage"},"content":{"rendered":"<div data-elementor-type=\"wp-post\" data-elementor-id=\"14908\" class=\"elementor elementor-14908\" data-elementor-post-type=\"post\">\n\t\t\t\t\t\t<section class=\"elementor-section elementor-top-section elementor-element elementor-element-8e6875e elementor-section-stretched elementor-section-boxed elementor-section-height-default elementor-section-height-default\" data-id=\"8e6875e\" data-element_type=\"section\" data-settings=\"{&quot;stretch_section&quot;:&quot;section-stretched&quot;,&quot;background_background&quot;:&quot;classic&quot;}\">\n\t\t\t\t\t\t<div class=\"elementor-container elementor-column-gap-default\">\n\t\t\t\t\t<div class=\"elementor-column elementor-col-100 elementor-top-column elementor-element elementor-element-309f863\" data-id=\"309f863\" data-element_type=\"column\" data-settings=\"{&quot;background_background&quot;:&quot;classic&quot;}\">\n\t\t\t<div class=\"elementor-widget-wrap elementor-element-populated\">\n\t\t\t\t\t\t<section class=\"elementor-section elementor-inner-section elementor-element elementor-element-c5f0064 elementor-section-boxed elementor-section-height-default elementor-section-height-default\" data-id=\"c5f0064\" data-element_type=\"section\">\n\t\t\t\t\t\t<div class=\"elementor-container elementor-column-gap-default\">\n\t\t\t\t\t<div class=\"elementor-column elementor-col-50 elementor-inner-column elementor-element elementor-element-e6a17d6\" data-id=\"e6a17d6\" data-element_type=\"column\">\n\t\t\t<div class=\"elementor-widget-wrap elementor-element-populated\">\n\t\t\t\t\t\t<div class=\"elementor-element elementor-element-8f8e4ca elementor-widget elementor-widget-heading\" data-id=\"8f8e4ca\" data-element_type=\"widget\" data-widget_type=\"heading.default\">\n\t\t\t\t<div class=\"elementor-widget-container\">\n\t\t\t<h1 class=\"elementor-heading-title elementor-size-default\">Kunst stellt sich der Sinnfrage <\/h1>\t\t<\/div>\n\t\t\t\t<\/div>\n\t\t\t\t<div class=\"elementor-element elementor-element-b1157c2 elementor-widget elementor-widget-heading\" data-id=\"b1157c2\" data-element_type=\"widget\" data-widget_type=\"heading.default\">\n\t\t\t\t<div class=\"elementor-widget-container\">\n\t\t\t<h3 class=\"elementor-heading-title elementor-size-default\">Kunstschaffende, die sich in Bezug auf die politische Lage kritische Fragen stellen, sind rar. Mit der Initiative ARTIG - und dem daraus spriessenden Projekt \u00abKunst D\u00fcnger\u00bb - wollen die K\u00fcnstler &amp; K\u00fcnstlerinnen Gleichgesinnte finden.<\/h3>\t\t<\/div>\n\t\t\t\t<\/div>\n\t\t\t\t<div class=\"elementor-element elementor-element-caa6500 elementor-widget elementor-widget-text-editor\" data-id=\"caa6500\" data-element_type=\"widget\" data-widget_type=\"text-editor.default\">\n\t\t\t\t<div class=\"elementor-widget-container\">\n\t\t\t\t\t\t\t<p>Welchen Stellenwert hat die Kunst in der heutigen Gesellschaft? <strong>Wie kann mit Kunst Hoffnung geschenkt werden?<\/strong> Fragen, die sich die Initiative\u00a0<a href=\"https:\/\/www.artig.info\">ARTIG<\/a> mit ihrem Projekt <a href=\"https:\/\/graswurzle.ch\/fr\/themengruppen\/themen\/kunst_kultur\/\">Kunst D\u00fcnger<\/a>\u00a0stellen. Ein k\u00fcnstlerisches Wagnis, mit dem die Mitwirkenden einen Fuss zur\u00fcck in die \u00abnormale\u00bb Gesellschaft setzen wollen:\u00a0<strong>\u00abWerden wir \u00fcberhaupt noch toleriert? <\/strong>Findet ein \u00f6ffentlicher Diskurs noch statt und sind die Menschen bereit, sich mit kritischer Kunst auseinanderzusetzen?\u00bb \u00a0<\/p><p>\u00abKunst D\u00fcnger\u00bb (siehe Box) soll im \u00f6ffentlichen Raum stattfinden, um das Hinterfragen politischer Geschehnisse allen zug\u00e4nglich zu machen. <strong>Der kritische Blick soll zum Nachdenken animieren.<\/strong> Die Kunstschaffenden hoffen, das Projekt \u00fcber F\u00f6rdergelder zu finanzieren. \u00abWir sind gespannt, ob wir Zuspruch erhalten und die Bewilligungsgremien kritische \u00c4usserungen zulassen.\u00bb <strong>F\u00fcr die Mitwirkenden steht der spielerische und humorvolle Umgang mit Gesellschaftsthemen im Vordergrund.<\/strong><\/p><p>Die Gruppierung hofft, dass sich weitere K\u00fcnstler &amp; K\u00fcnstlerinnen angesprochen f\u00fchlen und Interesse bekunden. ARTIG steht allen offen; <strong>die Projekt-Leinwand kann beliebig mit eigenen Ideen und W\u00fcnschen gestaltet werden.<\/strong> Nicht nur visuelle K\u00fcnste sind gefragt; jeder Sch\u00f6ngeist ist bei ARTIG willkommen.\u00a0<strong>Eine Querverbindung der verschiedenen Disziplinen wird angestrebt; dabei steht die Sinnfrage im Zentrum.<\/strong><\/p><p>Franziska bedauert, dass sich viele K\u00fcnstler &amp; K\u00fcnstlerinnen dem aktuellen Regime f\u00fcgen und sich nicht zur politischen Situation \u00e4ussern. \u00abDie meisten vermeiden die Konfrontation.\u00bb Franziska weiss um die hierarchischen Strukturen der Szene; je st\u00e4rker Kunstschaffende in der \u00d6ffentlichkeit stehen, desto gr\u00f6sser sei das Risiko, Engagements zu verlieren. Widerborstigkeit erfordere Mut: <strong>\u00abDie Kunstschaffenden, die Dinge hinterfragen, sind leider d\u00fcnn ges\u00e4t\u00bb<\/strong>, sagt Franziska. Wer sich nicht exponieren will, dem biete die Initiative ARTIG die M\u00f6glichkeit, die Anonymit\u00e4t zu wahren.<\/p><p><em>Text: Barbara Hagmann<\/em><\/p>\t\t\t\t\t\t<\/div>\n\t\t\t\t<\/div>\n\t\t\t\t\t<\/div>\n\t\t<\/div>\n\t\t\t\t<div class=\"elementor-column elementor-col-50 elementor-inner-column elementor-element elementor-element-419d76f\" data-id=\"419d76f\" data-element_type=\"column\">\n\t\t\t<div class=\"elementor-widget-wrap elementor-element-populated\">\n\t\t\t\t\t\t<div class=\"elementor-element elementor-element-6af2959 elementor-widget elementor-widget-image\" data-id=\"6af2959\" data-element_type=\"widget\" data-widget_type=\"image.default\">\n\t\t\t\t<div class=\"elementor-widget-container\">\n\t\t\t\t\t\t\t\t\t\t<figure class=\"wp-caption\">\n\t\t\t\t\t\t\t\t\t\t<img fetchpriority=\"high\" decoding=\"async\" width=\"600\" height=\"400\" src=\"https:\/\/graswurzle.ch\/wp-content\/uploads\/2022\/03\/Artig_Plakat-Kopie.jpg\" class=\"attachment-large size-large wp-image-14912\" alt=\"Plakataufsteller ARTIG\" srcset=\"https:\/\/graswurzle.ch\/wp-content\/uploads\/2022\/03\/Artig_Plakat-Kopie.jpg 600w, https:\/\/graswurzle.ch\/wp-content\/uploads\/2022\/03\/Artig_Plakat-Kopie-300x200.jpg 300w, https:\/\/graswurzle.ch\/wp-content\/uploads\/2022\/03\/Artig_Plakat-Kopie-18x12.jpg 18w, https:\/\/graswurzle.ch\/wp-content\/uploads\/2022\/03\/Artig_Plakat-Kopie-100x67.jpg 100w, https:\/\/graswurzle.ch\/wp-content\/uploads\/2022\/03\/Artig_Plakat-Kopie-150x100.jpg 150w, https:\/\/graswurzle.ch\/wp-content\/uploads\/2022\/03\/Artig_Plakat-Kopie-200x133.jpg 200w, https:\/\/graswurzle.ch\/wp-content\/uploads\/2022\/03\/Artig_Plakat-Kopie-450x300.jpg 450w\" sizes=\"(max-width: 600px) 100vw, 600px\" \/>\t\t\t\t\t\t\t\t\t\t\t<figcaption class=\"widget-image-caption wp-caption-text\">Visualisierung des Projekts Kunst D\u00fcnger<\/figcaption>\n\t\t\t\t\t\t\t\t\t\t<\/figure>\n\t\t\t\t\t\t\t<\/div>\n\t\t\t\t<\/div>\n\t\t\t\t<div class=\"elementor-element elementor-element-04e5b4c elementor-widget elementor-widget-image\" data-id=\"04e5b4c\" data-element_type=\"widget\" data-widget_type=\"image.default\">\n\t\t\t\t<div class=\"elementor-widget-container\">\n\t\t\t\t\t\t\t\t\t\t\t\t\t<img decoding=\"async\" width=\"605\" height=\"391\" src=\"https:\/\/graswurzle.ch\/wp-content\/uploads\/2022\/03\/Artig_neu_Bericht.jpg\" class=\"attachment-large size-large wp-image-14926\" alt=\"Artig Kunstprojekt\" srcset=\"https:\/\/graswurzle.ch\/wp-content\/uploads\/2022\/03\/Artig_neu_Bericht.jpg 906w, https:\/\/graswurzle.ch\/wp-content\/uploads\/2022\/03\/Artig_neu_Bericht-300x194.jpg 300w, https:\/\/graswurzle.ch\/wp-content\/uploads\/2022\/03\/Artig_neu_Bericht-768x497.jpg 768w, https:\/\/graswurzle.ch\/wp-content\/uploads\/2022\/03\/Artig_neu_Bericht-18x12.jpg 18w, https:\/\/graswurzle.ch\/wp-content\/uploads\/2022\/03\/Artig_neu_Bericht-100x65.jpg 100w, https:\/\/graswurzle.ch\/wp-content\/uploads\/2022\/03\/Artig_neu_Bericht-150x97.jpg 150w, https:\/\/graswurzle.ch\/wp-content\/uploads\/2022\/03\/Artig_neu_Bericht-200x129.jpg 200w, https:\/\/graswurzle.ch\/wp-content\/uploads\/2022\/03\/Artig_neu_Bericht-450x291.jpg 450w, https:\/\/graswurzle.ch\/wp-content\/uploads\/2022\/03\/Artig_neu_Bericht-600x388.jpg 600w, https:\/\/graswurzle.ch\/wp-content\/uploads\/2022\/03\/Artig_neu_Bericht-900x582.jpg 900w\" sizes=\"(max-width: 605px) 100vw, 605px\" \/>\t\t\t\t\t\t\t\t\t\t\t\t\t<\/div>\n\t\t\t\t<\/div>\n\t\t\t\t\t<\/div>\n\t\t<\/div>\n\t\t\t\t\t<\/div>\n\t\t<\/section>\n\t\t\t\t\t<\/div>\n\t\t<\/div>\n\t\t\t\t\t<\/div>\n\t\t<\/section>\n\t\t\t\t<\/div>","protected":false},"excerpt":{"rendered":"<p>Kunst stellt sich der Sinnfrage Kunstschaffende, die sich in Bezug auf die politische Lage kritische Fragen stellen, sind rar. Mit der Initiative ARTIG &#8211; und dem daraus spriessenden Projekt \u00abKunst D\u00fcnger\u00bb &#8211; wollen die K\u00fcnstler &#038; K\u00fcnstlerinnen Gleichgesinnte finden. Welchen &hellip;<\/p>\n<p class=\"read-more\"> <a class=\"more-link\" href=\"https:\/\/graswurzle.ch\/fr\/kunst-stellt-sich-der-sinnfrage\/\"> <span class=\"screen-reader-text\">Kunst stellt sich der Sinnfrage<\/span> Read More &raquo;<\/a><\/p>","protected":false},"author":13,"featured_media":12397,"comment_status":"open","ping_status":"open","sticky":false,"template":"elementor_header_footer","format":"standard","meta":{"footnotes":""},"categories":[33,89,92,51],"tags":[108,90,109,107,106,110],"class_list":["post-14908","post","type-post","status-publish","format-standard","has-post-thumbnail","hentry","category-graswurzle-geschichten","category-kultur","category-kunst","category-neue-gesellschaft","tag-artig","tag-kunst","tag-kunst-duenger","tag-kunstkollektiv","tag-kuenstler","tag-kunstprojekt"],"acf":[],"yoast_head":"<!-- This site is optimized with the Yoast SEO plugin v24.9 - https:\/\/yoast.com\/wordpress\/plugins\/seo\/ -->\n<title>Kunst stellt sich der Sinnfrage - Graswurzle<\/title>\n<meta name=\"description\" content=\"Kritischer Blick auf die politische Lage soll zum Nachdenken animieren\" \/>\n<meta name=\"robots\" content=\"index, follow, max-snippet:-1, max-image-preview:large, max-video-preview:-1\" \/>\n<link rel=\"canonical\" href=\"https:\/\/graswurzle.ch\/fr\/kunst-stellt-sich-der-sinnfrage\/\" \/>\n<meta property=\"og:locale\" content=\"fr_FR\" \/>\n<meta property=\"og:type\" content=\"article\" \/>\n<meta property=\"og:title\" content=\"Kunst stellt sich der Sinnfrage - Graswurzle\" \/>\n<meta property=\"og:description\" content=\"Kritischer Blick auf die politische Lage soll zum Nachdenken animieren\" \/>\n<meta property=\"og:url\" content=\"https:\/\/graswurzle.ch\/fr\/kunst-stellt-sich-der-sinnfrage\/\" \/>\n<meta property=\"og:site_name\" content=\"Graswurzle\" \/>\n<meta property=\"article:published_time\" content=\"2022-03-16T02:00:10+00:00\" \/>\n<meta property=\"article:modified_time\" content=\"2022-03-17T14:45:59+00:00\" \/>\n<meta property=\"og:image\" content=\"https:\/\/graswurzle.ch\/wp-content\/uploads\/2015\/10\/500X500_huflattich.jpg\" \/>\n\t<meta property=\"og:image:width\" content=\"500\" \/>\n\t<meta property=\"og:image:height\" content=\"500\" \/>\n\t<meta property=\"og:image:type\" content=\"image\/jpeg\" \/>\n<meta name=\"author\" content=\"Roman Westermann\" \/>\n<meta name=\"twitter:card\" content=\"summary_large_image\" \/>\n<meta name=\"twitter:label1\" content=\"\u00c9crit par\" \/>\n\t<meta name=\"twitter:data1\" content=\"Roman Westermann\" \/>\n\t<meta name=\"twitter:label2\" content=\"Dur\u00e9e de lecture estim\u00e9e\" \/>\n\t<meta name=\"twitter:data2\" content=\"3 minutes\" \/>\n<script type=\"application\/ld+json\" class=\"yoast-schema-graph\">{\"@context\":\"https:\/\/schema.org\",\"@graph\":[{\"@type\":\"Article\",\"@id\":\"https:\/\/graswurzle.ch\/kunst-stellt-sich-der-sinnfrage\/#article\",\"isPartOf\":{\"@id\":\"https:\/\/graswurzle.ch\/kunst-stellt-sich-der-sinnfrage\/\"},\"author\":{\"name\":\"Roman Westermann\",\"@id\":\"https:\/\/graswurzle.ch\/#\/schema\/person\/a8b9d26058f8aba3ccbbf55b5216b7db\"},\"headline\":\"Kunst stellt sich der Sinnfrage\",\"datePublished\":\"2022-03-16T02:00:10+00:00\",\"dateModified\":\"2022-03-17T14:45:59+00:00\",\"mainEntityOfPage\":{\"@id\":\"https:\/\/graswurzle.ch\/kunst-stellt-sich-der-sinnfrage\/\"},\"wordCount\":333,\"commentCount\":2,\"publisher\":{\"@id\":\"https:\/\/graswurzle.ch\/#organization\"},\"image\":{\"@id\":\"https:\/\/graswurzle.ch\/kunst-stellt-sich-der-sinnfrage\/#primaryimage\"},\"thumbnailUrl\":\"https:\/\/graswurzle.ch\/wp-content\/uploads\/2015\/10\/500X500_huflattich.jpg\",\"keywords\":[\"ARTIG\",\"Kunst\",\"Kunst D\u00fcnger\",\"Kunstkollektiv\",\"K\u00fcnstler\",\"Kunstprojekt\"],\"articleSection\":[\"Graswurzle Geschichten\",\"Kultur\",\"Kunst\",\"Neue Gesellschaft\"],\"inLanguage\":\"fr-FR\",\"potentialAction\":[{\"@type\":\"CommentAction\",\"name\":\"Comment\",\"target\":[\"https:\/\/graswurzle.ch\/kunst-stellt-sich-der-sinnfrage\/#respond\"]}]},{\"@type\":\"WebPage\",\"@id\":\"https:\/\/graswurzle.ch\/kunst-stellt-sich-der-sinnfrage\/\",\"url\":\"https:\/\/graswurzle.ch\/kunst-stellt-sich-der-sinnfrage\/\",\"name\":\"Kunst stellt sich der Sinnfrage - Graswurzle\",\"isPartOf\":{\"@id\":\"https:\/\/graswurzle.ch\/#website\"},\"primaryImageOfPage\":{\"@id\":\"https:\/\/graswurzle.ch\/kunst-stellt-sich-der-sinnfrage\/#primaryimage\"},\"image\":{\"@id\":\"https:\/\/graswurzle.ch\/kunst-stellt-sich-der-sinnfrage\/#primaryimage\"},\"thumbnailUrl\":\"https:\/\/graswurzle.ch\/wp-content\/uploads\/2015\/10\/500X500_huflattich.jpg\",\"datePublished\":\"2022-03-16T02:00:10+00:00\",\"dateModified\":\"2022-03-17T14:45:59+00:00\",\"description\":\"Kritischer Blick auf die politische Lage soll zum Nachdenken animieren\",\"breadcrumb\":{\"@id\":\"https:\/\/graswurzle.ch\/kunst-stellt-sich-der-sinnfrage\/#breadcrumb\"},\"inLanguage\":\"fr-FR\",\"potentialAction\":[{\"@type\":\"ReadAction\",\"target\":[\"https:\/\/graswurzle.ch\/kunst-stellt-sich-der-sinnfrage\/\"]}]},{\"@type\":\"ImageObject\",\"inLanguage\":\"fr-FR\",\"@id\":\"https:\/\/graswurzle.ch\/kunst-stellt-sich-der-sinnfrage\/#primaryimage\",\"url\":\"https:\/\/graswurzle.ch\/wp-content\/uploads\/2015\/10\/500X500_huflattich.jpg\",\"contentUrl\":\"https:\/\/graswurzle.ch\/wp-content\/uploads\/2015\/10\/500X500_huflattich.jpg\",\"width\":500,\"height\":500},{\"@type\":\"BreadcrumbList\",\"@id\":\"https:\/\/graswurzle.ch\/kunst-stellt-sich-der-sinnfrage\/#breadcrumb\",\"itemListElement\":[{\"@type\":\"ListItem\",\"position\":1,\"name\":\"Home\",\"item\":\"https:\/\/graswurzle.ch\/\"},{\"@type\":\"ListItem\",\"position\":2,\"name\":\"Kunst stellt sich der Sinnfrage\"}]},{\"@type\":\"WebSite\",\"@id\":\"https:\/\/graswurzle.ch\/#website\",\"url\":\"https:\/\/graswurzle.ch\/\",\"name\":\"Graswurzle\",\"description\":\"Begegnung -Beziehung -Boden f\u00fcr Neues!\",\"publisher\":{\"@id\":\"https:\/\/graswurzle.ch\/#organization\"},\"potentialAction\":[{\"@type\":\"SearchAction\",\"target\":{\"@type\":\"EntryPoint\",\"urlTemplate\":\"https:\/\/graswurzle.ch\/?s={search_term_string}\"},\"query-input\":{\"@type\":\"PropertyValueSpecification\",\"valueRequired\":true,\"valueName\":\"search_term_string\"}}],\"inLanguage\":\"fr-FR\"},{\"@type\":\"Organization\",\"@id\":\"https:\/\/graswurzle.ch\/#organization\",\"name\":\"Graswurzle\",\"url\":\"https:\/\/graswurzle.ch\/\",\"logo\":{\"@type\":\"ImageObject\",\"inLanguage\":\"fr-FR\",\"@id\":\"https:\/\/graswurzle.ch\/#\/schema\/logo\/image\/\",\"url\":\"https:\/\/graswurzle.ch\/wp-content\/uploads\/2024\/07\/cropped-gw_logo_neue_schrift.png\",\"contentUrl\":\"https:\/\/graswurzle.ch\/wp-content\/uploads\/2024\/07\/cropped-gw_logo_neue_schrift.png\",\"width\":1000,\"height\":373,\"caption\":\"Graswurzle\"},\"image\":{\"@id\":\"https:\/\/graswurzle.ch\/#\/schema\/logo\/image\/\"}},{\"@type\":\"Person\",\"@id\":\"https:\/\/graswurzle.ch\/#\/schema\/person\/a8b9d26058f8aba3ccbbf55b5216b7db\",\"name\":\"Roman Westermann\",\"image\":{\"@type\":\"ImageObject\",\"inLanguage\":\"fr-FR\",\"@id\":\"https:\/\/graswurzle.ch\/#\/schema\/person\/image\/\",\"url\":\"https:\/\/graswurzle.ch\/wp-content\/litespeed\/avatar\/66e57fa5fd354d8ce6512e41d3f967fe.jpg?ver=1777143363\",\"contentUrl\":\"https:\/\/graswurzle.ch\/wp-content\/litespeed\/avatar\/66e57fa5fd354d8ce6512e41d3f967fe.jpg?ver=1777143363\",\"caption\":\"Roman Westermann\"},\"url\":\"https:\/\/graswurzle.ch\/fr\/author\/roman-westermann\/\"}]}<\/script>\n<!-- \/ Yoast SEO plugin. -->","yoast_head_json":{"title":"Kunst stellt sich der Sinnfrage - Graswurzle","description":"Kritischer Blick auf die politische Lage soll zum Nachdenken animieren","robots":{"index":"index","follow":"follow","max-snippet":"max-snippet:-1","max-image-preview":"max-image-preview:large","max-video-preview":"max-video-preview:-1"},"canonical":"https:\/\/graswurzle.ch\/fr\/kunst-stellt-sich-der-sinnfrage\/","og_locale":"fr_FR","og_type":"article","og_title":"Kunst stellt sich der Sinnfrage - Graswurzle","og_description":"Kritischer Blick auf die politische Lage soll zum Nachdenken animieren","og_url":"https:\/\/graswurzle.ch\/fr\/kunst-stellt-sich-der-sinnfrage\/","og_site_name":"Graswurzle","article_published_time":"2022-03-16T02:00:10+00:00","article_modified_time":"2022-03-17T14:45:59+00:00","og_image":[{"width":500,"height":500,"url":"https:\/\/graswurzle.ch\/wp-content\/uploads\/2015\/10\/500X500_huflattich.jpg","type":"image\/jpeg"}],"author":"Roman Westermann","twitter_card":"summary_large_image","twitter_misc":{"\u00c9crit par":"Roman Westermann","Dur\u00e9e de lecture estim\u00e9e":"3 minutes"},"schema":{"@context":"https:\/\/schema.org","@graph":[{"@type":"Article","@id":"https:\/\/graswurzle.ch\/kunst-stellt-sich-der-sinnfrage\/#article","isPartOf":{"@id":"https:\/\/graswurzle.ch\/kunst-stellt-sich-der-sinnfrage\/"},"author":{"name":"Roman Westermann","@id":"https:\/\/graswurzle.ch\/#\/schema\/person\/a8b9d26058f8aba3ccbbf55b5216b7db"},"headline":"Kunst stellt sich der Sinnfrage","datePublished":"2022-03-16T02:00:10+00:00","dateModified":"2022-03-17T14:45:59+00:00","mainEntityOfPage":{"@id":"https:\/\/graswurzle.ch\/kunst-stellt-sich-der-sinnfrage\/"},"wordCount":333,"commentCount":2,"publisher":{"@id":"https:\/\/graswurzle.ch\/#organization"},"image":{"@id":"https:\/\/graswurzle.ch\/kunst-stellt-sich-der-sinnfrage\/#primaryimage"},"thumbnailUrl":"https:\/\/graswurzle.ch\/wp-content\/uploads\/2015\/10\/500X500_huflattich.jpg","keywords":["ARTIG","Kunst","Kunst D\u00fcnger","Kunstkollektiv","K\u00fcnstler","Kunstprojekt"],"articleSection":["Graswurzle Geschichten","Kultur","Kunst","Neue Gesellschaft"],"inLanguage":"fr-FR","potentialAction":[{"@type":"CommentAction","name":"Comment","target":["https:\/\/graswurzle.ch\/kunst-stellt-sich-der-sinnfrage\/#respond"]}]},{"@type":"WebPage","@id":"https:\/\/graswurzle.ch\/kunst-stellt-sich-der-sinnfrage\/","url":"https:\/\/graswurzle.ch\/kunst-stellt-sich-der-sinnfrage\/","name":"Kunst stellt sich der Sinnfrage - Graswurzle","isPartOf":{"@id":"https:\/\/graswurzle.ch\/#website"},"primaryImageOfPage":{"@id":"https:\/\/graswurzle.ch\/kunst-stellt-sich-der-sinnfrage\/#primaryimage"},"image":{"@id":"https:\/\/graswurzle.ch\/kunst-stellt-sich-der-sinnfrage\/#primaryimage"},"thumbnailUrl":"https:\/\/graswurzle.ch\/wp-content\/uploads\/2015\/10\/500X500_huflattich.jpg","datePublished":"2022-03-16T02:00:10+00:00","dateModified":"2022-03-17T14:45:59+00:00","description":"Kritischer Blick auf die politische Lage soll zum Nachdenken animieren","breadcrumb":{"@id":"https:\/\/graswurzle.ch\/kunst-stellt-sich-der-sinnfrage\/#breadcrumb"},"inLanguage":"fr-FR","potentialAction":[{"@type":"ReadAction","target":["https:\/\/graswurzle.ch\/kunst-stellt-sich-der-sinnfrage\/"]}]},{"@type":"ImageObject","inLanguage":"fr-FR","@id":"https:\/\/graswurzle.ch\/kunst-stellt-sich-der-sinnfrage\/#primaryimage","url":"https:\/\/graswurzle.ch\/wp-content\/uploads\/2015\/10\/500X500_huflattich.jpg","contentUrl":"https:\/\/graswurzle.ch\/wp-content\/uploads\/2015\/10\/500X500_huflattich.jpg","width":500,"height":500},{"@type":"BreadcrumbList","@id":"https:\/\/graswurzle.ch\/kunst-stellt-sich-der-sinnfrage\/#breadcrumb","itemListElement":[{"@type":"ListItem","position":1,"name":"Home","item":"https:\/\/graswurzle.ch\/"},{"@type":"ListItem","position":2,"name":"Kunst stellt sich der Sinnfrage"}]},{"@type":"WebSite","@id":"https:\/\/graswurzle.ch\/#website","url":"https:\/\/graswurzle.ch\/","name":"Graswurzle","description":"Begegnung -Beziehung -Boden f\u00fcr Neues!","publisher":{"@id":"https:\/\/graswurzle.ch\/#organization"},"potentialAction":[{"@type":"SearchAction","target":{"@type":"EntryPoint","urlTemplate":"https:\/\/graswurzle.ch\/?s={search_term_string}"},"query-input":{"@type":"PropertyValueSpecification","valueRequired":true,"valueName":"search_term_string"}}],"inLanguage":"fr-FR"},{"@type":"Organization","@id":"https:\/\/graswurzle.ch\/#organization","name":"Graswurzle","url":"https:\/\/graswurzle.ch\/","logo":{"@type":"ImageObject","inLanguage":"fr-FR","@id":"https:\/\/graswurzle.ch\/#\/schema\/logo\/image\/","url":"https:\/\/graswurzle.ch\/wp-content\/uploads\/2024\/07\/cropped-gw_logo_neue_schrift.png","contentUrl":"https:\/\/graswurzle.ch\/wp-content\/uploads\/2024\/07\/cropped-gw_logo_neue_schrift.png","width":1000,"height":373,"caption":"Graswurzle"},"image":{"@id":"https:\/\/graswurzle.ch\/#\/schema\/logo\/image\/"}},{"@type":"Person","@id":"https:\/\/graswurzle.ch\/#\/schema\/person\/a8b9d26058f8aba3ccbbf55b5216b7db","name":"Roman Westermann","image":{"@type":"ImageObject","inLanguage":"fr-FR","@id":"https:\/\/graswurzle.ch\/#\/schema\/person\/image\/","url":"https:\/\/graswurzle.ch\/wp-content\/litespeed\/avatar\/66e57fa5fd354d8ce6512e41d3f967fe.jpg?ver=1777143363","contentUrl":"https:\/\/graswurzle.ch\/wp-content\/litespeed\/avatar\/66e57fa5fd354d8ce6512e41d3f967fe.jpg?ver=1777143363","caption":"Roman Westermann"},"url":"https:\/\/graswurzle.ch\/fr\/author\/roman-westermann\/"}]}},"_links":{"self":[{"href":"https:\/\/graswurzle.ch\/fr\/wp-json\/wp\/v2\/posts\/14908","targetHints":{"allow":["GET"]}}],"collection":[{"href":"https:\/\/graswurzle.ch\/fr\/wp-json\/wp\/v2\/posts"}],"about":[{"href":"https:\/\/graswurzle.ch\/fr\/wp-json\/wp\/v2\/types\/post"}],"author":[{"embeddable":true,"href":"https:\/\/graswurzle.ch\/fr\/wp-json\/wp\/v2\/users\/13"}],"replies":[{"embeddable":true,"href":"https:\/\/graswurzle.ch\/fr\/wp-json\/wp\/v2\/comments?post=14908"}],"version-history":[{"count":24,"href":"https:\/\/graswurzle.ch\/fr\/wp-json\/wp\/v2\/posts\/14908\/revisions"}],"predecessor-version":[{"id":14935,"href":"https:\/\/graswurzle.ch\/fr\/wp-json\/wp\/v2\/posts\/14908\/revisions\/14935"}],"wp:featuredmedia":[{"embeddable":true,"href":"https:\/\/graswurzle.ch\/fr\/wp-json\/wp\/v2\/media\/12397"}],"wp:attachment":[{"href":"https:\/\/graswurzle.ch\/fr\/wp-json\/wp\/v2\/media?parent=14908"}],"wp:term":[{"taxonomy":"category","embeddable":true,"href":"https:\/\/graswurzle.ch\/fr\/wp-json\/wp\/v2\/categories?post=14908"},{"taxonomy":"post_tag","embeddable":true,"href":"https:\/\/graswurzle.ch\/fr\/wp-json\/wp\/v2\/tags?post=14908"}],"curies":[{"name":"wp","href":"https:\/\/api.w.org\/{rel}","templated":true}]}}