{"id":22081,"global_id":"graswurzle.ch\/it?id=22081","global_id_lineage":["graswurzle.ch\/it?id=22081"],"author":"13","status":"publish","date":"2023-12-14 16:24:53","date_utc":"2023-12-14 15:24:53","modified":"2024-01-25 08:45:06","modified_utc":"2024-01-25 07:45:06","url":"https:\/\/graswurzle.ch\/it\/kalender-detail\/vernetzungstreffen-lokalgruppe-unterwalden\/","rest_url":"https:\/\/graswurzle.ch\/it\/wp-json\/tribe\/events\/v1\/events\/22081","title":"Vernetzungstreffen Lokalgruppe Unterwalden","description":"<p><img fetchpriority=\"high\" decoding=\"async\" class=\"alignnone size-full wp-image-22352\" src=\"https:\/\/graswurzle.ch\/wp-content\/uploads\/2023\/12\/GW-UW-VT-24-02-24-Einladung-Kopie.jpg\" alt=\"\" width=\"566\" height=\"800\" srcset=\"https:\/\/graswurzle.ch\/wp-content\/uploads\/2023\/12\/GW-UW-VT-24-02-24-Einladung-Kopie.jpg 566w, https:\/\/graswurzle.ch\/wp-content\/uploads\/2023\/12\/GW-UW-VT-24-02-24-Einladung-Kopie-212x300.jpg 212w, https:\/\/graswurzle.ch\/wp-content\/uploads\/2023\/12\/GW-UW-VT-24-02-24-Einladung-Kopie-8x12.jpg 8w, https:\/\/graswurzle.ch\/wp-content\/uploads\/2023\/12\/GW-UW-VT-24-02-24-Einladung-Kopie-100x141.jpg 100w, https:\/\/graswurzle.ch\/wp-content\/uploads\/2023\/12\/GW-UW-VT-24-02-24-Einladung-Kopie-150x212.jpg 150w, https:\/\/graswurzle.ch\/wp-content\/uploads\/2023\/12\/GW-UW-VT-24-02-24-Einladung-Kopie-200x283.jpg 200w, https:\/\/graswurzle.ch\/wp-content\/uploads\/2023\/12\/GW-UW-VT-24-02-24-Einladung-Kopie-300x424.jpg 300w, https:\/\/graswurzle.ch\/wp-content\/uploads\/2023\/12\/GW-UW-VT-24-02-24-Einladung-Kopie-450x636.jpg 450w\" sizes=\"(max-width: 566px) 100vw, 566px\" \/><\/p>\n<p>&nbsp;<\/p>\n<blockquote class=\"\">\n<div class=\"\">\n<div class=\"WordSection1\">\n<div class=\"\"><b class=\"\"><span class=\"\">Treffen der Lokalgruppe Unterwalden<\/span><\/b><\/div>\n<div class=\"\"><span class=\"\">\u00a0<\/span><\/div>\n<div class=\"\"><b class=\"\"><span class=\"\">Herzliche Einladung zum Treffen in Stans<\/span><\/b><\/div>\n<div class=\"\">Die Lokalgruppe Unterwalden startet nach einer Pause neu durch. Eingeladen sind Graswurzle-Mitglieder wie auch Interessierte.<\/div>\n<div class=\"\"><\/div>\n<div class=\"\">Das Vernetzungstreffen im Ideenreich Stans beginnt um 14 Uhr. Neben viel Raum f\u00fcr Begegnung und Austausch wird es ein paar kurze Themeninputs geben, die dir das Graswurzle-Netzwerk und seine M\u00f6glichkeiten greifbarer machen und dich f\u00fcr das aktive Mitwirken begeistern k\u00f6nnten.<\/div>\n<div class=\"\"><\/div>\n<div class=\"\">Wir laden dich ein, etwas Feines zum Knabbern, Essen oder auch zum Trinken mitzubringen und mit allen zu teilen. F\u00fcr Mineralwasser, heisses Wasser, Kaffee und Teebeutel ist gesorgt.<\/div>\n<div class=\"\"><\/div>\n<div class=\"\">Falls du zudem etwas Besonderes einbringen m\u00f6chtest, musikalisch, eine Idee oder ein Projekt vorstellen, melde dich bitte m\u00f6glichst bald zum Absprechen.<\/div>\n<div class=\"\"><\/div>\n<div class=\"\">Ein wertsch\u00e4tzender Beitrag zum Decken der Mietkosten und des organisatorischen Aufwands ist ebenfalls sehr willkommen.<\/div>\n<div class=\"\"><\/div>\n<div class=\"\">Bis bald! Ich freu mich!<\/div>\n<div class=\"\"><\/div>\n<div class=\"\">Martin<\/div>\n<div class=\"\"><\/div>\n<div class=\"\">\u00dcber diesen Link kannst du dich gerne unserem Telegram-Chat hinzuf\u00fcgen:<\/div>\n<div class=\"\"><a class=\"\" href=\"https:\/\/t.me\/+mtWsF6B3zRkzODJk\">https:\/\/t.me\/+mtWsF6B3zRkzODJk<\/a><\/div>\n<\/div>\n<\/div>\n<\/blockquote>","excerpt":"","slug":"vernetzungstreffen-lokalgruppe-unterwalden","image":false,"all_day":false,"start_date":"2024-02-24 12:30:00","start_date_details":{"year":"2024","month":"02","day":"24","hour":"12","minutes":"30","seconds":"00"},"end_date":"2024-02-24 19:00:00","end_date_details":{"year":"2024","month":"02","day":"24","hour":"19","minutes":"00","seconds":"00"},"utc_start_date":"2024-02-24 11:30:00","utc_start_date_details":{"year":"2024","month":"02","day":"24","hour":"11","minutes":"30","seconds":"00"},"utc_end_date":"2024-02-24 18:00:00","utc_end_date_details":{"year":"2024","month":"02","day":"24","hour":"18","minutes":"00","seconds":"00"},"timezone":"Europe\/Zurich","timezone_abbr":"CET","cost":"","cost_details":{"currency_symbol":"","currency_code":"","currency_position":"prefix","values":[]},"website":"","show_map":true,"show_map_link":true,"hide_from_listings":false,"sticky":false,"featured":false,"categories":[],"tags":[],"venue":{"id":22082,"author":"13","status":"publish","date":"2023-12-14 16:24:54","date_utc":"2023-12-14 15:24:54","modified":"2023-12-14 16:24:54","modified_utc":"2023-12-14 15:24:54","url":"https:\/\/graswurzle.ch\/it\/luogo\/raum-ideenreich\/","venue":"Raum IdeenReich","slug":"raum-ideenreich","address":"Engelbergstrasse 40a","city":"Stans","country":"Schweiz","zip":"6370","website":"https:\/\/ideenreichnidwalden.ch\/raum-mieten-neu\/","json_ld":{"@type":"Place","name":"Raum IdeenReich","description":"","url":"","address":{"@type":"PostalAddress","streetAddress":"Engelbergstrasse 40a","addressLocality":"Stans","postalCode":"6370","addressCountry":"Schweiz"},"telephone":"","sameAs":"https:\/\/ideenreichnidwalden.ch\/raum-mieten-neu\/"},"show_map":true,"show_map_link":true,"global_id":"graswurzle.ch\/it?id=22082","global_id_lineage":["graswurzle.ch\/it?id=22082"]},"organizer":[],"custom_fields":[],"json_ld":{"@context":"http:\/\/schema.org","@type":"Event","name":"Vernetzungstreffen Lokalgruppe Unterwalden","description":"&lt;p&gt;&nbsp; Treffen der Lokalgruppe Unterwalden \u00a0 Herzliche Einladung zum Treffen in Stans Die Lokalgruppe Unterwalden startet nach einer Pause neu durch. Eingeladen sind Graswurzle-Mitglieder wie auch Interessierte. Das Vernetzungstreffen im Ideenreich Stans beginnt um 14 Uhr. Neben viel Raum f\u00fcr &hellip;&lt;\/p&gt;\\n&lt;p class=&quot;read-more&quot;&gt; &lt;a class=&quot;more-link&quot; href=&quot;https:\/\/graswurzle.ch\/it\/kalender-detail\/vernetzungstreffen-lokalgruppe-unterwalden\/&quot;&gt; &lt;span class=&quot;screen-reader-text&quot;&gt;Vernetzungstreffen Lokalgruppe Unterwalden&lt;\/span&gt; Leggi tutto &raquo;&lt;\/a&gt;&lt;\/p&gt;\\n","url":"https:\/\/graswurzle.ch\/it\/kalender-detail\/vernetzungstreffen-lokalgruppe-unterwalden\/","eventAttendanceMode":"https:\/\/schema.org\/OfflineEventAttendanceMode","eventStatus":"https:\/\/schema.org\/EventScheduled","startDate":"2024-02-24T12:30:00+01:00","endDate":"2024-02-24T19:00:00+01:00","location":{"@type":"Place","name":"Raum IdeenReich","description":"","url":"","address":{"@type":"PostalAddress","streetAddress":"Engelbergstrasse 40a","addressLocality":"Stans","postalCode":"6370","addressCountry":"Schweiz"},"telephone":"","sameAs":"https:\/\/ideenreichnidwalden.ch\/raum-mieten-neu\/"},"performer":"Organization"}}