{"id":22880,"global_id":"graswurzle.ch\/it?id=22880","global_id_lineage":["graswurzle.ch\/it?id=22880"],"author":"13","status":"publish","date":"2024-04-04 14:50:24","date_utc":"2024-04-04 12:50:24","modified":"2024-04-04 14:51:30","modified_utc":"2024-04-04 12:51:30","url":"https:\/\/graswurzle.ch\/it\/kalender-detail\/vernetzungstreffen-lokalgruppe-unterwalden-2\/","rest_url":"https:\/\/graswurzle.ch\/it\/wp-json\/tribe\/events\/v1\/events\/22880","title":"Vernetzungstreffen Lokalgruppe Unterwalden","description":"<p>Gerne m\u00f6chten wir als Lokalgruppe in Unterwalden das Potential der Gemeinschaft aktiv kultivieren. <span class=\"Apple-converted-space\">\u00a0<\/span><\/p>\n<p><span class=\"Apple-converted-space\"> <img fetchpriority=\"high\" decoding=\"async\" class=\"alignnone size-large wp-image-22881\" src=\"https:\/\/graswurzle.ch\/wp-content\/uploads\/2024\/04\/photo_2024-04-04-14.47.51-721x1024.jpeg\" alt=\"\" width=\"605\" height=\"859\" srcset=\"https:\/\/graswurzle.ch\/wp-content\/uploads\/2024\/04\/photo_2024-04-04-14.47.51-721x1024.jpeg 721w, https:\/\/graswurzle.ch\/wp-content\/uploads\/2024\/04\/photo_2024-04-04-14.47.51-211x300.jpeg 211w, https:\/\/graswurzle.ch\/wp-content\/uploads\/2024\/04\/photo_2024-04-04-14.47.51-768x1091.jpeg 768w, https:\/\/graswurzle.ch\/wp-content\/uploads\/2024\/04\/photo_2024-04-04-14.47.51-8x12.jpeg 8w, https:\/\/graswurzle.ch\/wp-content\/uploads\/2024\/04\/photo_2024-04-04-14.47.51-100x142.jpeg 100w, https:\/\/graswurzle.ch\/wp-content\/uploads\/2024\/04\/photo_2024-04-04-14.47.51-150x213.jpeg 150w, https:\/\/graswurzle.ch\/wp-content\/uploads\/2024\/04\/photo_2024-04-04-14.47.51-200x284.jpeg 200w, https:\/\/graswurzle.ch\/wp-content\/uploads\/2024\/04\/photo_2024-04-04-14.47.51-300x426.jpeg 300w, https:\/\/graswurzle.ch\/wp-content\/uploads\/2024\/04\/photo_2024-04-04-14.47.51-450x639.jpeg 450w, https:\/\/graswurzle.ch\/wp-content\/uploads\/2024\/04\/photo_2024-04-04-14.47.51-600x852.jpeg 600w, https:\/\/graswurzle.ch\/wp-content\/uploads\/2024\/04\/photo_2024-04-04-14.47.51.jpeg 901w\" sizes=\"(max-width: 605px) 100vw, 605px\" \/><\/span><\/p>\n<p>\u2728Deshalb laden wir ein, zum Info&amp;Vernetzungstreff<span class=\"Apple-converted-space\">\u00a0<\/span><\/p>\n<p><span class=\"Apple-converted-space\">\u00a0<\/span><\/p>\n<p>\u27a1\ufe0f Im 1. Teil erf\u00e4hrst du das Wichtigste \u00fcber die Werte, Struktur &amp; M\u00f6glichkeiten.<span class=\"Apple-converted-space\">\u00a0<\/span><\/p>\n<p><span class=\"Apple-converted-space\">\u00a0<\/span><\/p>\n<p>Dazwischen gibts eine Pause mit offenem Austausch und mitgebrachten Snacks.<span class=\"Apple-converted-space\">\u00a0<\/span><\/p>\n<p><span class=\"Apple-converted-space\">\u00a0<\/span><\/p>\n<p>\u27a1\ufe0f Im 2. Teil finden wir gemeinsam heraus, welche Themen intressierien. Dies bietet die Gelegenheit gleich aktiv zu werden. So kann man in der Lokalgruppe selbst oder in diversen Projektgruppen eigene Ideen einbringen und verwirklichen.<span class=\"Apple-converted-space\">\u00a0<\/span><\/p>\n<p><span class=\"Apple-converted-space\">\u00a0<\/span><\/p>\n<p>Wir freuen uns auf euch<span class=\"Apple-converted-space\">\u00a0<\/span><\/p>\n<p>Graswurzle Unterwalden \ud83c\udf31<\/p>\n<p>Anmeldung: <a href=\"mailto:unterwalden@graswurzle.ch\">unterwalden@graswurzle.ch\u00a0<\/a><\/p>","excerpt":"","slug":"vernetzungstreffen-lokalgruppe-unterwalden-2","image":false,"all_day":false,"start_date":"2024-04-07 14:00:00","start_date_details":{"year":"2024","month":"04","day":"07","hour":"14","minutes":"00","seconds":"00"},"end_date":"2024-04-07 17:00:00","end_date_details":{"year":"2024","month":"04","day":"07","hour":"17","minutes":"00","seconds":"00"},"utc_start_date":"2024-04-07 12:00:00","utc_start_date_details":{"year":"2024","month":"04","day":"07","hour":"12","minutes":"00","seconds":"00"},"utc_end_date":"2024-04-07 15:00:00","utc_end_date_details":{"year":"2024","month":"04","day":"07","hour":"15","minutes":"00","seconds":"00"},"timezone":"Europe\/Zurich","timezone_abbr":"CEST","cost":"","cost_details":{"currency_symbol":"","currency_code":"","currency_position":"prefix","values":[]},"website":"","show_map":true,"show_map_link":true,"hide_from_listings":false,"sticky":false,"featured":false,"categories":[],"tags":[],"venue":{"id":22082,"author":"13","status":"publish","date":"2023-12-14 16:24:54","date_utc":"2023-12-14 15:24:54","modified":"2023-12-14 16:24:54","modified_utc":"2023-12-14 15:24:54","url":"https:\/\/graswurzle.ch\/it\/luogo\/raum-ideenreich\/","venue":"Raum IdeenReich","slug":"raum-ideenreich","address":"Engelbergstrasse 40a","city":"Stans","country":"Schweiz","zip":"6370","website":"https:\/\/ideenreichnidwalden.ch\/raum-mieten-neu\/","json_ld":{"@type":"Place","name":"Raum IdeenReich","description":"","url":"","address":{"@type":"PostalAddress","streetAddress":"Engelbergstrasse 40a","addressLocality":"Stans","postalCode":"6370","addressCountry":"Schweiz"},"telephone":"","sameAs":"https:\/\/ideenreichnidwalden.ch\/raum-mieten-neu\/"},"show_map":true,"show_map_link":true,"global_id":"graswurzle.ch\/it?id=22082","global_id_lineage":["graswurzle.ch\/it?id=22082"]},"organizer":[],"custom_fields":[],"json_ld":{"@context":"http:\/\/schema.org","@type":"Event","name":"Vernetzungstreffen Lokalgruppe Unterwalden","description":"&lt;p&gt;Gerne m\u00f6chten wir als Lokalgruppe in Unterwalden das Potential der Gemeinschaft aktiv kultivieren. \u00a0 \u2728Deshalb laden wir ein, zum Info&amp;Vernetzungstreff\u00a0 \u00a0 \u27a1\ufe0f Im 1. Teil erf\u00e4hrst du das Wichtigste \u00fcber die Werte, Struktur &amp; M\u00f6glichkeiten.\u00a0 \u00a0 Dazwischen gibts eine Pause &hellip;&lt;\/p&gt;\\n&lt;p class=&quot;read-more&quot;&gt; &lt;a class=&quot;more-link&quot; href=&quot;https:\/\/graswurzle.ch\/it\/kalender-detail\/vernetzungstreffen-lokalgruppe-unterwalden-2\/&quot;&gt; &lt;span class=&quot;screen-reader-text&quot;&gt;Vernetzungstreffen Lokalgruppe Unterwalden&lt;\/span&gt; Leggi tutto &raquo;&lt;\/a&gt;&lt;\/p&gt;\\n","url":"https:\/\/graswurzle.ch\/it\/kalender-detail\/vernetzungstreffen-lokalgruppe-unterwalden-2\/","eventAttendanceMode":"https:\/\/schema.org\/OfflineEventAttendanceMode","eventStatus":"https:\/\/schema.org\/EventScheduled","startDate":"2024-04-07T14:00:00+02:00","endDate":"2024-04-07T17:00:00+02:00","location":{"@type":"Place","name":"Raum IdeenReich","description":"","url":"","address":{"@type":"PostalAddress","streetAddress":"Engelbergstrasse 40a","addressLocality":"Stans","postalCode":"6370","addressCountry":"Schweiz"},"telephone":"","sameAs":"https:\/\/ideenreichnidwalden.ch\/raum-mieten-neu\/"},"performer":"Organization"}}