{"id":12330,"date":"2021-12-18T13:07:00","date_gmt":"2021-12-18T13:07:00","guid":{"rendered":"https:\/\/graswurzle.ch\/?p=12330"},"modified":"2022-05-03T14:26:38","modified_gmt":"2022-05-03T14:26:38","slug":"die-freie-entscheidung","status":"publish","type":"post","link":"https:\/\/graswurzle.ch\/it\/die-freie-entscheidung\/","title":{"rendered":"Die freie Entscheidung"},"content":{"rendered":"<div data-elementor-type=\"wp-post\" data-elementor-id=\"12330\" class=\"elementor elementor-12330\" data-elementor-post-type=\"post\">\n\t\t\t\t\t\t<section class=\"elementor-section elementor-top-section elementor-element elementor-element-8e6875e elementor-section-stretched elementor-section-boxed elementor-section-height-default elementor-section-height-default\" data-id=\"8e6875e\" data-element_type=\"section\" data-settings=\"{&quot;stretch_section&quot;:&quot;section-stretched&quot;,&quot;background_background&quot;:&quot;classic&quot;}\">\n\t\t\t\t\t\t<div class=\"elementor-container elementor-column-gap-default\">\n\t\t\t\t\t<div class=\"elementor-column elementor-col-100 elementor-top-column elementor-element elementor-element-309f863\" data-id=\"309f863\" data-element_type=\"column\" data-settings=\"{&quot;background_background&quot;:&quot;classic&quot;}\">\n\t\t\t<div class=\"elementor-widget-wrap elementor-element-populated\">\n\t\t\t\t\t\t<div class=\"elementor-element elementor-element-8f8e4ca elementor-widget elementor-widget-heading\" data-id=\"8f8e4ca\" data-element_type=\"widget\" data-widget_type=\"heading.default\">\n\t\t\t\t<div class=\"elementor-widget-container\">\n\t\t\t<h1 class=\"elementor-heading-title elementor-size-default\">Die freie Entscheidung<\/h1>\t\t<\/div>\n\t\t\t\t<\/div>\n\t\t\t\t<section class=\"elementor-section elementor-inner-section elementor-element elementor-element-c5f0064 elementor-section-boxed elementor-section-height-default elementor-section-height-default\" data-id=\"c5f0064\" data-element_type=\"section\">\n\t\t\t\t\t\t<div class=\"elementor-container elementor-column-gap-default\">\n\t\t\t\t\t<div class=\"elementor-column elementor-col-50 elementor-inner-column elementor-element elementor-element-e6a17d6\" data-id=\"e6a17d6\" data-element_type=\"column\">\n\t\t\t<div class=\"elementor-widget-wrap elementor-element-populated\">\n\t\t\t\t\t\t<div class=\"elementor-element elementor-element-61f9659 elementor-widget elementor-widget-heading\" data-id=\"61f9659\" data-element_type=\"widget\" data-widget_type=\"heading.default\">\n\t\t\t\t<div class=\"elementor-widget-container\">\n\t\t\t<h3 class=\"elementor-heading-title elementor-size-default\">2G ist das neue Modewort. Ungeimpfte sollen bitte draussen bleiben. Auch wenn ihr inzwischen viele Freiheiten genommen werden. Nicole Montemari macht\u00a0 f\u00fcr sich das Beste daraus und f\u00fchlt sich dabei immer freier.<\/h3>\t\t<\/div>\n\t\t\t\t<\/div>\n\t\t\t\t<div class=\"elementor-element elementor-element-caa6500 elementor-widget elementor-widget-text-editor\" data-id=\"caa6500\" data-element_type=\"widget\" data-widget_type=\"text-editor.default\">\n\t\t\t\t<div class=\"elementor-widget-container\">\n\t\t\t\t\t\t\t<h3><strong><em>Gastbeitrag von Nicole Montemari<\/em><\/strong><\/h3><p>Nun ist es soweit. Der Bundesrat hat entschieden, dass es ungeimpfte Personen noch eine Spur schwerer haben sollen. Einen gem\u00fctlichen Kinoabend mit Freunden? Ein Feierabend-Schlummer-Drink mit der Arbeitskollegin oder aber auch die sportliche Bet\u00e4tigung im Fitnesscenter? Stopp, Halt! 2G ist das neue Modewort. <strong>Bist du nicht geimpft oder genesen, sollst du bitte draussen bleiben.<\/strong> &#8222;E schw\u00e4re Mocke!&#8220;<\/p><p>Nicht, dass mich diese Massnahme sonderlich verwundert h\u00e4tte. Ich habe sie erwartet. Verstehen kann ich sie dennoch nicht. <strong>Mein Verstand und meine Intuition sagen mir, dass ich als frisch negativ getestete Person doch eigentlich die kleinste Gefahr f\u00fcr andere Menschen darstellen sollte.<\/strong> Zus\u00e4tzlich bekomme ich gerade tagt\u00e4glich mit, wie sogenannte &#8222;Impfdurchbr\u00fcche&#8220; stattfinden und diese Menschen ungetestet an Grossveranstaltungen und an\u00a0 jeglichen Freizeit-Spass-Unternehmungen teilnehmen. Nun ja, ich bin keine \u00c4rztin und nicht vom Fach. Aber einordnen kann ich diese Logik in meinem Kopf irgendwie trotzdem nicht.<\/p><p><strong>Mit meinem Sohn darf ich seit der Einf\u00fchrung der 3G-Regel im Zoo nicht einmal mehr den Aussenbereich besuchen.<\/strong> Ein Hallenbad hat er schon lange nicht mehr von innen gesehen. &#8222;Aber du kannst dich ja Testen lassen&#8220; wird mir dann gesagt. &#8222;Aber du hast ja die Wahl und hast dich so entschieden&#8220; wird mir an den Kopf geworfen.<\/p><p>Ganz genau, ich habe mich entschieden und ich stehe zu meiner Entscheidung mit all seinen Folgen. <strong>Anstatt Tr\u00fcbsal zu blasen und mich Zuhause einzugraben, mache ich einfach das Beste aus der Situation.<\/strong> Ich darf nicht mehr ins Restaurant gehen und meine Lieblings-Spaghetti-Carbonara essen? So packe ich ein feines Picknick in meinen Rucksack, dass ich irgendwo draussen an einem sch\u00f6nen Pl\u00e4tzli geniessen kann. Ich darf mit meinem Sohn nicht mehr den Zoo besuchen? <strong>Inzwischen kenne ich unglaublich tolle Bauernh\u00f6fe, wo wir die Geissli streicheln und dazu noch frische H\u00fchnereier besorgen k\u00f6nnen<\/strong>. Ein Erlebnis f\u00fcr Gross und Klein!<\/p><p>Ich kann mich mit Freunden nicht mehr an einer Grossveranstaltung treffen? <strong>Im kleinen Kreise, Zuhause in der warmen Stube, ist es eigentlich genauso gem\u00fctlich.<\/strong> Wir d\u00fcrfen nicht mehr ins Hallenbad, wo ich meinen Sohn eigentlich in den Schwimmunterricht schicken wollte (weil Schwimmen ja eine \u00e4usserst \u00fcberlebenswichtige Sache sein kann?) Also dann, freuen wir uns einfach auf den kommenden Sommer und die unz\u00e4hlig vielen M\u00f6glichkeiten, in einem unserer Schweizer Seen zu planschen und zu schwimmen.<\/p><p>Zum guten Gl\u00fcck bin ich pers\u00f6nlich sowieso gerne Draussen in der Natur unterwegs. <strong>Ich liebe die Berge, das Wasser und den einfachen Spaziergang im Wald.<\/strong> Ich liebe das abenteuerliche \u00dcbernachten im Zelt oder gar im Kofferaum unseres Autos. Ich bin frei und f\u00fchle mich frei.<\/p><p><strong>Und nun frage ich mich inzwischen: Wer ist wirklich frei?<\/strong><\/p><p>Sind es Menschen, die sich schon heute wieder darum k\u00fcmmern und um einen Platz streiten m\u00fcssen, damit sie in 4 Monaten ihr Impfabo erneuern k\u00f6nnen, weil sie sonst alle ihre &#8222;Freiheiten auf Zeit&#8220; wieder verlieren? Sind es diejenigen, die aus Angst vor einer Ansteckung auf ein Treffen mit Freunden verzichten, nur weil sie den &#8222;Booster&#8220; noch nicht bekommen haben? Oder vielleicht die, die ich sogar bei einem Waldspaziergang an der frischen Luft mit einer Maske im Gesicht antreffe, obwohl weit und breit ansonsten niemand zu sehen ist? <strong>Ist DAS die neue Freiheit? Ist es DAS, was wir unseren Kindern als das neue &#8222;Normal&#8220; weitergeben m\u00f6chten?<\/strong><\/p><p>Inzwischen geh\u00f6re ich \u00fcbrigens auch zu der Fraktion &#8222;Genesen&#8220; und somit k\u00f6nnte ich mich mit einem der 2G&#8217;s zumindest f\u00fcr 90 Tage \u00fcberall herumtreiben, wo es mir gerade lieb ist. <strong>Ich sage aber\u00a0 Nein \u2013 aus Prinzip. Das ist meine freie Entscheidung.<\/strong><\/p><p><em>Text: Nicole Montemari<\/em><\/p>\t\t\t\t\t\t<\/div>\n\t\t\t\t<\/div>\n\t\t\t\t\t<\/div>\n\t\t<\/div>\n\t\t\t\t<div class=\"elementor-column elementor-col-50 elementor-inner-column elementor-element elementor-element-419d76f\" data-id=\"419d76f\" data-element_type=\"column\">\n\t\t\t<div class=\"elementor-widget-wrap elementor-element-populated\">\n\t\t\t\t\t\t<div class=\"elementor-element elementor-element-6af2959 elementor-widget elementor-widget-image\" data-id=\"6af2959\" data-element_type=\"widget\" data-widget_type=\"image.default\">\n\t\t\t\t<div class=\"elementor-widget-container\">\n\t\t\t\t\t\t\t\t\t\t<figure class=\"wp-caption\">\n\t\t\t\t\t\t\t\t\t\t<img fetchpriority=\"high\" decoding=\"async\" width=\"563\" height=\"750\" src=\"https:\/\/graswurzle.ch\/wp-content\/uploads\/2021\/12\/freie-entscheidung.jpg\" class=\"attachment-large size-large wp-image-12996\" alt=\"\" srcset=\"https:\/\/graswurzle.ch\/wp-content\/uploads\/2021\/12\/freie-entscheidung.jpg 563w, https:\/\/graswurzle.ch\/wp-content\/uploads\/2021\/12\/freie-entscheidung-225x300.jpg 225w, https:\/\/graswurzle.ch\/wp-content\/uploads\/2021\/12\/freie-entscheidung-100x133.jpg 100w, https:\/\/graswurzle.ch\/wp-content\/uploads\/2021\/12\/freie-entscheidung-150x200.jpg 150w, https:\/\/graswurzle.ch\/wp-content\/uploads\/2021\/12\/freie-entscheidung-200x266.jpg 200w, https:\/\/graswurzle.ch\/wp-content\/uploads\/2021\/12\/freie-entscheidung-300x400.jpg 300w, https:\/\/graswurzle.ch\/wp-content\/uploads\/2021\/12\/freie-entscheidung-450x599.jpg 450w\" sizes=\"(max-width: 563px) 100vw, 563px\" \/>\t\t\t\t\t\t\t\t\t\t\t<figcaption class=\"widget-image-caption wp-caption-text\">Nicole Montemari, zvg<\/figcaption>\n\t\t\t\t\t\t\t\t\t\t<\/figure>\n\t\t\t\t\t\t\t<\/div>\n\t\t\t\t<\/div>\n\t\t\t\t\t<\/div>\n\t\t<\/div>\n\t\t\t\t\t<\/div>\n\t\t<\/section>\n\t\t\t\t\t<\/div>\n\t\t<\/div>\n\t\t\t\t\t<\/div>\n\t\t<\/section>\n\t\t\t\t<\/div>","protected":false},"excerpt":{"rendered":"<p>Die freie Entscheidung 2G ist das neue Modewort. Ungeimpfte sollen bitte draussen bleiben. Auch wenn ihr inzwischen viele Freiheiten genommen werden. Nicole Montemari macht\u00a0 f\u00fcr sich das Beste daraus und f\u00fchlt sich dabei immer freier. Gastbeitrag von Nicole Montemari Nun &hellip;<\/p>\n<p class=\"read-more\"> <a class=\"more-link\" href=\"https:\/\/graswurzle.ch\/it\/die-freie-entscheidung\/\"> <span class=\"screen-reader-text\">Die freie Entscheidung<\/span> Leggi tutto &raquo;<\/a><\/p>","protected":false},"author":3,"featured_media":12384,"comment_status":"open","ping_status":"open","sticky":false,"template":"elementor_header_footer","format":"standard","meta":{"footnotes":""},"categories":[33,51],"tags":[50,41],"class_list":["post-12330","post","type-post","status-publish","format-standard","has-post-thumbnail","hentry","category-graswurzle-geschichten","category-neue-gesellschaft","tag-mutgeschichten","tag-nessel"],"acf":[],"yoast_head":"<!-- This site is optimized with the Yoast SEO plugin v24.9 - https:\/\/yoast.com\/wordpress\/plugins\/seo\/ -->\n<title>Die freie Entscheidung - Graswurzle<\/title>\n<meta name=\"description\" content=\"Auch wenn wir es in der heutigen Zeit oft nicht glauben k\u00f6nnen: Wir haben die freie Entscheidung, wie frei wir uns f\u00fchlen m\u00f6chten.\" \/>\n<meta name=\"robots\" content=\"index, follow, max-snippet:-1, max-image-preview:large, max-video-preview:-1\" \/>\n<link rel=\"canonical\" href=\"https:\/\/graswurzle.ch\/it\/die-freie-entscheidung\/\" \/>\n<meta property=\"og:locale\" content=\"it_IT\" \/>\n<meta property=\"og:type\" content=\"article\" \/>\n<meta property=\"og:title\" content=\"Die freie Entscheidung - Graswurzle\" \/>\n<meta property=\"og:description\" content=\"Auch wenn wir es in der heutigen Zeit oft nicht glauben k\u00f6nnen: Wir haben die freie Entscheidung, wie frei wir uns f\u00fchlen m\u00f6chten.\" \/>\n<meta property=\"og:url\" content=\"https:\/\/graswurzle.ch\/it\/die-freie-entscheidung\/\" \/>\n<meta property=\"og:site_name\" content=\"Graswurzle\" \/>\n<meta property=\"article:published_time\" content=\"2021-12-18T13:07:00+00:00\" \/>\n<meta property=\"article:modified_time\" content=\"2022-05-03T14:26:38+00:00\" \/>\n<meta property=\"og:image\" content=\"https:\/\/graswurzle.ch\/wp-content\/uploads\/2015\/10\/500X500_nessel.jpg\" \/>\n\t<meta property=\"og:image:width\" content=\"500\" \/>\n\t<meta property=\"og:image:height\" content=\"500\" \/>\n\t<meta property=\"og:image:type\" content=\"image\/jpeg\" \/>\n<meta name=\"author\" content=\"Prisca W\u00fcrgler\" \/>\n<meta name=\"twitter:card\" content=\"summary_large_image\" \/>\n<meta name=\"twitter:label1\" content=\"Scritto da\" \/>\n\t<meta name=\"twitter:data1\" content=\"Prisca W\u00fcrgler\" \/>\n\t<meta name=\"twitter:label2\" content=\"Tempo di lettura stimato\" \/>\n\t<meta name=\"twitter:data2\" content=\"9 minuti\" \/>\n<script type=\"application\/ld+json\" class=\"yoast-schema-graph\">{\"@context\":\"https:\/\/schema.org\",\"@graph\":[{\"@type\":\"Article\",\"@id\":\"https:\/\/graswurzle.ch\/die-freie-entscheidung\/#article\",\"isPartOf\":{\"@id\":\"https:\/\/graswurzle.ch\/die-freie-entscheidung\/\"},\"author\":{\"name\":\"Prisca W\u00fcrgler\",\"@id\":\"https:\/\/graswurzle.ch\/#\/schema\/person\/ba2c3ed255895a6c1aaba7b11355a000\"},\"headline\":\"Die freie Entscheidung\",\"datePublished\":\"2021-12-18T13:07:00+00:00\",\"dateModified\":\"2022-05-03T14:26:38+00:00\",\"mainEntityOfPage\":{\"@id\":\"https:\/\/graswurzle.ch\/die-freie-entscheidung\/\"},\"wordCount\":649,\"commentCount\":8,\"publisher\":{\"@id\":\"https:\/\/graswurzle.ch\/#organization\"},\"image\":{\"@id\":\"https:\/\/graswurzle.ch\/die-freie-entscheidung\/#primaryimage\"},\"thumbnailUrl\":\"https:\/\/graswurzle.ch\/wp-content\/uploads\/2015\/10\/500X500_nessel.jpg\",\"keywords\":[\"mutgeschichten\",\"Nessel\"],\"articleSection\":[\"Graswurzle Geschichten\",\"Neue Gesellschaft\"],\"inLanguage\":\"it-IT\",\"potentialAction\":[{\"@type\":\"CommentAction\",\"name\":\"Comment\",\"target\":[\"https:\/\/graswurzle.ch\/die-freie-entscheidung\/#respond\"]}]},{\"@type\":\"WebPage\",\"@id\":\"https:\/\/graswurzle.ch\/die-freie-entscheidung\/\",\"url\":\"https:\/\/graswurzle.ch\/die-freie-entscheidung\/\",\"name\":\"Die freie Entscheidung - Graswurzle\",\"isPartOf\":{\"@id\":\"https:\/\/graswurzle.ch\/#website\"},\"primaryImageOfPage\":{\"@id\":\"https:\/\/graswurzle.ch\/die-freie-entscheidung\/#primaryimage\"},\"image\":{\"@id\":\"https:\/\/graswurzle.ch\/die-freie-entscheidung\/#primaryimage\"},\"thumbnailUrl\":\"https:\/\/graswurzle.ch\/wp-content\/uploads\/2015\/10\/500X500_nessel.jpg\",\"datePublished\":\"2021-12-18T13:07:00+00:00\",\"dateModified\":\"2022-05-03T14:26:38+00:00\",\"description\":\"Auch wenn wir es in der heutigen Zeit oft nicht glauben k\u00f6nnen: Wir haben die freie Entscheidung, wie frei wir uns f\u00fchlen m\u00f6chten.\",\"breadcrumb\":{\"@id\":\"https:\/\/graswurzle.ch\/die-freie-entscheidung\/#breadcrumb\"},\"inLanguage\":\"it-IT\",\"potentialAction\":[{\"@type\":\"ReadAction\",\"target\":[\"https:\/\/graswurzle.ch\/die-freie-entscheidung\/\"]}]},{\"@type\":\"ImageObject\",\"inLanguage\":\"it-IT\",\"@id\":\"https:\/\/graswurzle.ch\/die-freie-entscheidung\/#primaryimage\",\"url\":\"https:\/\/graswurzle.ch\/wp-content\/uploads\/2015\/10\/500X500_nessel.jpg\",\"contentUrl\":\"https:\/\/graswurzle.ch\/wp-content\/uploads\/2015\/10\/500X500_nessel.jpg\",\"width\":500,\"height\":500},{\"@type\":\"BreadcrumbList\",\"@id\":\"https:\/\/graswurzle.ch\/die-freie-entscheidung\/#breadcrumb\",\"itemListElement\":[{\"@type\":\"ListItem\",\"position\":1,\"name\":\"Home\",\"item\":\"https:\/\/graswurzle.ch\/\"},{\"@type\":\"ListItem\",\"position\":2,\"name\":\"Die freie Entscheidung\"}]},{\"@type\":\"WebSite\",\"@id\":\"https:\/\/graswurzle.ch\/#website\",\"url\":\"https:\/\/graswurzle.ch\/\",\"name\":\"Graswurzle\",\"description\":\"Begegnung -Beziehung -Boden f\u00fcr Neues!\",\"publisher\":{\"@id\":\"https:\/\/graswurzle.ch\/#organization\"},\"potentialAction\":[{\"@type\":\"SearchAction\",\"target\":{\"@type\":\"EntryPoint\",\"urlTemplate\":\"https:\/\/graswurzle.ch\/?s={search_term_string}\"},\"query-input\":{\"@type\":\"PropertyValueSpecification\",\"valueRequired\":true,\"valueName\":\"search_term_string\"}}],\"inLanguage\":\"it-IT\"},{\"@type\":\"Organization\",\"@id\":\"https:\/\/graswurzle.ch\/#organization\",\"name\":\"Graswurzle\",\"url\":\"https:\/\/graswurzle.ch\/\",\"logo\":{\"@type\":\"ImageObject\",\"inLanguage\":\"it-IT\",\"@id\":\"https:\/\/graswurzle.ch\/#\/schema\/logo\/image\/\",\"url\":\"https:\/\/graswurzle.ch\/wp-content\/uploads\/2024\/07\/cropped-gw_logo_neue_schrift.png\",\"contentUrl\":\"https:\/\/graswurzle.ch\/wp-content\/uploads\/2024\/07\/cropped-gw_logo_neue_schrift.png\",\"width\":1000,\"height\":373,\"caption\":\"Graswurzle\"},\"image\":{\"@id\":\"https:\/\/graswurzle.ch\/#\/schema\/logo\/image\/\"}},{\"@type\":\"Person\",\"@id\":\"https:\/\/graswurzle.ch\/#\/schema\/person\/ba2c3ed255895a6c1aaba7b11355a000\",\"name\":\"Prisca W\u00fcrgler\",\"image\":{\"@type\":\"ImageObject\",\"inLanguage\":\"it-IT\",\"@id\":\"https:\/\/graswurzle.ch\/#\/schema\/person\/image\/\",\"url\":\"https:\/\/graswurzle.ch\/wp-content\/litespeed\/avatar\/96033117169dc2e3eb5480c6343b977c.jpg?ver=1777158663\",\"contentUrl\":\"https:\/\/graswurzle.ch\/wp-content\/litespeed\/avatar\/96033117169dc2e3eb5480c6343b977c.jpg?ver=1777158663\",\"caption\":\"Prisca W\u00fcrgler\"},\"url\":\"https:\/\/graswurzle.ch\/it\/author\/prisca-wuergler\/\"}]}<\/script>\n<!-- \/ Yoast SEO plugin. -->","yoast_head_json":{"title":"Die freie Entscheidung - Graswurzle","description":"Auch wenn wir es in der heutigen Zeit oft nicht glauben k\u00f6nnen: Wir haben die freie Entscheidung, wie frei wir uns f\u00fchlen m\u00f6chten.","robots":{"index":"index","follow":"follow","max-snippet":"max-snippet:-1","max-image-preview":"max-image-preview:large","max-video-preview":"max-video-preview:-1"},"canonical":"https:\/\/graswurzle.ch\/it\/die-freie-entscheidung\/","og_locale":"it_IT","og_type":"article","og_title":"Die freie Entscheidung - Graswurzle","og_description":"Auch wenn wir es in der heutigen Zeit oft nicht glauben k\u00f6nnen: Wir haben die freie Entscheidung, wie frei wir uns f\u00fchlen m\u00f6chten.","og_url":"https:\/\/graswurzle.ch\/it\/die-freie-entscheidung\/","og_site_name":"Graswurzle","article_published_time":"2021-12-18T13:07:00+00:00","article_modified_time":"2022-05-03T14:26:38+00:00","og_image":[{"width":500,"height":500,"url":"https:\/\/graswurzle.ch\/wp-content\/uploads\/2015\/10\/500X500_nessel.jpg","type":"image\/jpeg"}],"author":"Prisca W\u00fcrgler","twitter_card":"summary_large_image","twitter_misc":{"Scritto da":"Prisca W\u00fcrgler","Tempo di lettura stimato":"9 minuti"},"schema":{"@context":"https:\/\/schema.org","@graph":[{"@type":"Article","@id":"https:\/\/graswurzle.ch\/die-freie-entscheidung\/#article","isPartOf":{"@id":"https:\/\/graswurzle.ch\/die-freie-entscheidung\/"},"author":{"name":"Prisca W\u00fcrgler","@id":"https:\/\/graswurzle.ch\/#\/schema\/person\/ba2c3ed255895a6c1aaba7b11355a000"},"headline":"Die freie Entscheidung","datePublished":"2021-12-18T13:07:00+00:00","dateModified":"2022-05-03T14:26:38+00:00","mainEntityOfPage":{"@id":"https:\/\/graswurzle.ch\/die-freie-entscheidung\/"},"wordCount":649,"commentCount":8,"publisher":{"@id":"https:\/\/graswurzle.ch\/#organization"},"image":{"@id":"https:\/\/graswurzle.ch\/die-freie-entscheidung\/#primaryimage"},"thumbnailUrl":"https:\/\/graswurzle.ch\/wp-content\/uploads\/2015\/10\/500X500_nessel.jpg","keywords":["mutgeschichten","Nessel"],"articleSection":["Graswurzle Geschichten","Neue Gesellschaft"],"inLanguage":"it-IT","potentialAction":[{"@type":"CommentAction","name":"Comment","target":["https:\/\/graswurzle.ch\/die-freie-entscheidung\/#respond"]}]},{"@type":"WebPage","@id":"https:\/\/graswurzle.ch\/die-freie-entscheidung\/","url":"https:\/\/graswurzle.ch\/die-freie-entscheidung\/","name":"Die freie Entscheidung - Graswurzle","isPartOf":{"@id":"https:\/\/graswurzle.ch\/#website"},"primaryImageOfPage":{"@id":"https:\/\/graswurzle.ch\/die-freie-entscheidung\/#primaryimage"},"image":{"@id":"https:\/\/graswurzle.ch\/die-freie-entscheidung\/#primaryimage"},"thumbnailUrl":"https:\/\/graswurzle.ch\/wp-content\/uploads\/2015\/10\/500X500_nessel.jpg","datePublished":"2021-12-18T13:07:00+00:00","dateModified":"2022-05-03T14:26:38+00:00","description":"Auch wenn wir es in der heutigen Zeit oft nicht glauben k\u00f6nnen: Wir haben die freie Entscheidung, wie frei wir uns f\u00fchlen m\u00f6chten.","breadcrumb":{"@id":"https:\/\/graswurzle.ch\/die-freie-entscheidung\/#breadcrumb"},"inLanguage":"it-IT","potentialAction":[{"@type":"ReadAction","target":["https:\/\/graswurzle.ch\/die-freie-entscheidung\/"]}]},{"@type":"ImageObject","inLanguage":"it-IT","@id":"https:\/\/graswurzle.ch\/die-freie-entscheidung\/#primaryimage","url":"https:\/\/graswurzle.ch\/wp-content\/uploads\/2015\/10\/500X500_nessel.jpg","contentUrl":"https:\/\/graswurzle.ch\/wp-content\/uploads\/2015\/10\/500X500_nessel.jpg","width":500,"height":500},{"@type":"BreadcrumbList","@id":"https:\/\/graswurzle.ch\/die-freie-entscheidung\/#breadcrumb","itemListElement":[{"@type":"ListItem","position":1,"name":"Home","item":"https:\/\/graswurzle.ch\/"},{"@type":"ListItem","position":2,"name":"Die freie Entscheidung"}]},{"@type":"WebSite","@id":"https:\/\/graswurzle.ch\/#website","url":"https:\/\/graswurzle.ch\/","name":"Graswurzle","description":"Begegnung -Beziehung -Boden f\u00fcr Neues!","publisher":{"@id":"https:\/\/graswurzle.ch\/#organization"},"potentialAction":[{"@type":"SearchAction","target":{"@type":"EntryPoint","urlTemplate":"https:\/\/graswurzle.ch\/?s={search_term_string}"},"query-input":{"@type":"PropertyValueSpecification","valueRequired":true,"valueName":"search_term_string"}}],"inLanguage":"it-IT"},{"@type":"Organization","@id":"https:\/\/graswurzle.ch\/#organization","name":"Graswurzle","url":"https:\/\/graswurzle.ch\/","logo":{"@type":"ImageObject","inLanguage":"it-IT","@id":"https:\/\/graswurzle.ch\/#\/schema\/logo\/image\/","url":"https:\/\/graswurzle.ch\/wp-content\/uploads\/2024\/07\/cropped-gw_logo_neue_schrift.png","contentUrl":"https:\/\/graswurzle.ch\/wp-content\/uploads\/2024\/07\/cropped-gw_logo_neue_schrift.png","width":1000,"height":373,"caption":"Graswurzle"},"image":{"@id":"https:\/\/graswurzle.ch\/#\/schema\/logo\/image\/"}},{"@type":"Person","@id":"https:\/\/graswurzle.ch\/#\/schema\/person\/ba2c3ed255895a6c1aaba7b11355a000","name":"Prisca W\u00fcrgler","image":{"@type":"ImageObject","inLanguage":"it-IT","@id":"https:\/\/graswurzle.ch\/#\/schema\/person\/image\/","url":"https:\/\/graswurzle.ch\/wp-content\/litespeed\/avatar\/96033117169dc2e3eb5480c6343b977c.jpg?ver=1777158663","contentUrl":"https:\/\/graswurzle.ch\/wp-content\/litespeed\/avatar\/96033117169dc2e3eb5480c6343b977c.jpg?ver=1777158663","caption":"Prisca W\u00fcrgler"},"url":"https:\/\/graswurzle.ch\/it\/author\/prisca-wuergler\/"}]}},"_links":{"self":[{"href":"https:\/\/graswurzle.ch\/it\/wp-json\/wp\/v2\/posts\/12330","targetHints":{"allow":["GET"]}}],"collection":[{"href":"https:\/\/graswurzle.ch\/it\/wp-json\/wp\/v2\/posts"}],"about":[{"href":"https:\/\/graswurzle.ch\/it\/wp-json\/wp\/v2\/types\/post"}],"author":[{"embeddable":true,"href":"https:\/\/graswurzle.ch\/it\/wp-json\/wp\/v2\/users\/3"}],"replies":[{"embeddable":true,"href":"https:\/\/graswurzle.ch\/it\/wp-json\/wp\/v2\/comments?post=12330"}],"version-history":[{"count":113,"href":"https:\/\/graswurzle.ch\/it\/wp-json\/wp\/v2\/posts\/12330\/revisions"}],"predecessor-version":[{"id":15565,"href":"https:\/\/graswurzle.ch\/it\/wp-json\/wp\/v2\/posts\/12330\/revisions\/15565"}],"wp:featuredmedia":[{"embeddable":true,"href":"https:\/\/graswurzle.ch\/it\/wp-json\/wp\/v2\/media\/12384"}],"wp:attachment":[{"href":"https:\/\/graswurzle.ch\/it\/wp-json\/wp\/v2\/media?parent=12330"}],"wp:term":[{"taxonomy":"category","embeddable":true,"href":"https:\/\/graswurzle.ch\/it\/wp-json\/wp\/v2\/categories?post=12330"},{"taxonomy":"post_tag","embeddable":true,"href":"https:\/\/graswurzle.ch\/it\/wp-json\/wp\/v2\/tags?post=12330"}],"curies":[{"name":"wp","href":"https:\/\/api.w.org\/{rel}","templated":true}]}}