{"id":14526,"date":"2022-02-09T08:00:00","date_gmt":"2022-02-09T08:00:00","guid":{"rendered":"https:\/\/graswurzle.ch\/?p=14526"},"modified":"2022-02-09T09:16:19","modified_gmt":"2022-02-09T09:16:19","slug":"das-biedermeier-sofa-und-das-kult-kino-fuer-freie-menschen","status":"publish","type":"post","link":"https:\/\/graswurzle.ch\/it\/das-biedermeier-sofa-und-das-kult-kino-fuer-freie-menschen\/","title":{"rendered":"Das Biedermeier-Sofa und das Kult-Kino f\u00fcr freie Menschen"},"content":{"rendered":"<div data-elementor-type=\"wp-post\" data-elementor-id=\"14526\" class=\"elementor elementor-14526\" data-elementor-post-type=\"post\">\n\t\t\t\t\t\t<section class=\"elementor-section elementor-top-section elementor-element elementor-element-8e6875e elementor-section-stretched elementor-section-boxed elementor-section-height-default elementor-section-height-default\" data-id=\"8e6875e\" data-element_type=\"section\" data-settings=\"{&quot;stretch_section&quot;:&quot;section-stretched&quot;,&quot;background_background&quot;:&quot;classic&quot;}\">\n\t\t\t\t\t\t<div class=\"elementor-container elementor-column-gap-default\">\n\t\t\t\t\t<div class=\"elementor-column elementor-col-100 elementor-top-column elementor-element elementor-element-309f863\" data-id=\"309f863\" data-element_type=\"column\" data-settings=\"{&quot;background_background&quot;:&quot;classic&quot;}\">\n\t\t\t<div class=\"elementor-widget-wrap elementor-element-populated\">\n\t\t\t\t\t\t<section class=\"elementor-section elementor-inner-section elementor-element elementor-element-c5f0064 elementor-section-boxed elementor-section-height-default elementor-section-height-default\" data-id=\"c5f0064\" data-element_type=\"section\">\n\t\t\t\t\t\t<div class=\"elementor-container elementor-column-gap-default\">\n\t\t\t\t\t<div class=\"elementor-column elementor-col-50 elementor-inner-column elementor-element elementor-element-e6a17d6\" data-id=\"e6a17d6\" data-element_type=\"column\">\n\t\t\t<div class=\"elementor-widget-wrap elementor-element-populated\">\n\t\t\t\t\t\t<div class=\"elementor-element elementor-element-8f8e4ca elementor-widget elementor-widget-heading\" data-id=\"8f8e4ca\" data-element_type=\"widget\" data-widget_type=\"heading.default\">\n\t\t\t\t<div class=\"elementor-widget-container\">\n\t\t\t<h1 class=\"elementor-heading-title elementor-size-default\">Das Biedermeier-Sofa und das Kult-Kino f\u00fcr freie Menschen<\/h1>\t\t<\/div>\n\t\t\t\t<\/div>\n\t\t\t\t<div class=\"elementor-element elementor-element-b1157c2 elementor-widget elementor-widget-heading\" data-id=\"b1157c2\" data-element_type=\"widget\" data-widget_type=\"heading.default\">\n\t\t\t\t<div class=\"elementor-widget-container\">\n\t\t\t<h3 class=\"elementor-heading-title elementor-size-default\">Kino, Abendessen oder Wellness? Thomas Neeser macht\u2019s m\u00f6glich! In seiner Lokalit\u00e4t im S\u00e4uliamt verw\u00f6hnt er seine G\u00e4ste auch gerne mal mit einem Thai-Curry oder einer Suppe mit Salat und Brot. <\/h3>\t\t<\/div>\n\t\t\t\t<\/div>\n\t\t\t\t<div class=\"elementor-element elementor-element-caa6500 elementor-widget elementor-widget-text-editor\" data-id=\"caa6500\" data-element_type=\"widget\" data-widget_type=\"text-editor.default\">\n\t\t\t\t<div class=\"elementor-widget-container\">\n\t\t\t\t\t\t\t<p>Das Kult-Kino \u00ab<strong>FFP2connect<\/strong> <strong>Kino<\/strong> &#8211; <strong>F<\/strong>ilms for <strong>F<\/strong>ree <strong>P<\/strong>eople <strong>2 connect<\/strong>\u00bb bietet weit mehr als eine Filmvorf\u00fchrung. Es geht um die Vernetzung von Gleichgesinnten. \u00abHier darf man alles sagen, was man denkt. <strong>Die Menschen k\u00f6nnen \u00fcber alles reden, ohne ihre Meinung zu verstecken.<\/strong> Dadurch ist die Atmosph\u00e4re entspannt\u00bb, erz\u00e4hlt Thomas. Zweimal im Monat findet ein originelles Kinoerlebnis mit Industrieflair statt. Abends, wenn die Lichter f\u00fcr ein wohliges Ambiente sorgen, herrsche eine romantische Stimmung, schw\u00e4rmt Thomas.<\/p><p>Seine Leidenschaft f\u00fcr Filme entwickelte er vor einigen Jahren. <strong>Grund daf\u00fcr war ein Biedermeier-Sofa.<\/strong> Als er seine Werkstatt etwas aufm\u00f6beln wollte, steuerte eine Freundin ihre ausgediente Couch bei. Die Idee, den Arbeitsraum als Kino zu nutzen, war somit geboren. <strong>Mittlerweile ist das M\u00f6belst\u00fcck zum Kernelement seines Inventars geworden.<\/strong><\/p><p>Schon damals, als er das Kult-Kino in Z\u00fcrich f\u00fchrte, zeigte Thomas gerne Filme der Kategorie Verschw\u00f6rung. <strong>\u00abMit den aufkl\u00e4rerischen Filmen wollte ich eine Botschaft vermitteln\u00bb<\/strong>, betont der Graswurzler. Noch vor ein paar Jahren waren wenige bereit, wachger\u00fcttelt zu werden; die Filmvorstellungen waren kaum besucht. Hingegen Klassiker oder Mainstreamstreifen liefen gut. Seinem Vorsatz, k\u00fcnstlerisch und philosophisch anspruchsvolle Filme zu zeigen, blieb er dennoch treu. <strong>\u00abIch bevorzuge \u00e4ltere Filme mit Tiefgang\u00bb<\/strong>, betont Thomas.<\/p><p>Und dann kam der Lockdown und das Kino wurde stillgelegt. Als der Spuk vorbei war, blieben die Menschen trotzdem fern. Die Angst vor einer m\u00f6glichen Ansteckung sass tief. \u00abIch ging davon aus, die Menschen h\u00e4tten das Bed\u00fcrfnis, sicher wieder zu treffen.\u00bb Ein Irrtum, wie sich herausstellte; das Kino blieb leer.<\/p><p>Mit dem Umzug ins S\u00e4uliamt begrub Thomas sein Kino-Projekt. Vorerst, wie sich zeigte. <strong>Denn das Biedermeier-Sofa \u2013 das in Z\u00fcrich bereits den Anstoss gab \u2013 wollte wieder in Szene gesetzt werden.<\/strong> Beim Einrichten seiner neuen Werkstatt setzte er sich f\u00fcr eine Pause auf die Couch,\u00a0die provisorisch auf dem Autolift\u00a0stand.\u00a0Inspiriert von der Perspektive, die sich ihm bot, liess er sein Kult-Kino wieder aufleben.<\/p><p>Mit der Graswurzle-Community fand er schnell das passende Publikum. <strong>\u00abIch wollte ein Angebot f\u00fcr alle freien Menschen schaffen.\u00bb<\/strong> Zwischenzeitlich hat sich seine Filmst\u00e4tte um eine Wellness-Oase erweitert. Per Zufall, wie er erz\u00e4hlt. Anl\u00e4sslich einer Weihnachtsfeier wurde ein Holzzuber aufgestellt und zum Whirlpool umfunktioniert. <strong>Die \u00abFassbadewanne\u00bb, wie Thomas sie nennt, fand grossen Anklang bei den G\u00e4sten.<\/strong> Inzwischen ist seine Oase mit weiteren Elementen ausgestattet und sorgt vor, w\u00e4hrend oder nach den Vorstellungen f\u00fcr einen weiteren Spassfaktor.<\/p><p>Wer Lust hat, bei Thomas vorbeizuschauen, findet die Infos zu seinem Angebot auf GraswurzleNETz.<\/p><p><em>Text: Barbara Hagmann<\/em><\/p>\t\t\t\t\t\t<\/div>\n\t\t\t\t<\/div>\n\t\t\t\t\t<\/div>\n\t\t<\/div>\n\t\t\t\t<div class=\"elementor-column elementor-col-50 elementor-inner-column elementor-element elementor-element-419d76f\" data-id=\"419d76f\" data-element_type=\"column\">\n\t\t\t<div class=\"elementor-widget-wrap elementor-element-populated\">\n\t\t\t\t\t\t<div class=\"elementor-element elementor-element-6af2959 elementor-widget elementor-widget-image\" data-id=\"6af2959\" data-element_type=\"widget\" data-widget_type=\"image.default\">\n\t\t\t\t<div class=\"elementor-widget-container\">\n\t\t\t\t\t\t\t\t\t\t<figure class=\"wp-caption\">\n\t\t\t\t\t\t\t\t\t\t<img fetchpriority=\"high\" decoding=\"async\" width=\"605\" height=\"454\" src=\"https:\/\/graswurzle.ch\/wp-content\/uploads\/2022\/02\/Kino-1024x768.jpg\" class=\"attachment-large size-large wp-image-14530\" alt=\"\" srcset=\"https:\/\/graswurzle.ch\/wp-content\/uploads\/2022\/02\/Kino-1024x768.jpg 1024w, https:\/\/graswurzle.ch\/wp-content\/uploads\/2022\/02\/Kino-300x225.jpg 300w, https:\/\/graswurzle.ch\/wp-content\/uploads\/2022\/02\/Kino-768x576.jpg 768w, https:\/\/graswurzle.ch\/wp-content\/uploads\/2022\/02\/Kino-1536x1152.jpg 1536w, https:\/\/graswurzle.ch\/wp-content\/uploads\/2022\/02\/Kino-16x12.jpg 16w, https:\/\/graswurzle.ch\/wp-content\/uploads\/2022\/02\/Kino-100x75.jpg 100w, https:\/\/graswurzle.ch\/wp-content\/uploads\/2022\/02\/Kino-150x113.jpg 150w, https:\/\/graswurzle.ch\/wp-content\/uploads\/2022\/02\/Kino-200x150.jpg 200w, https:\/\/graswurzle.ch\/wp-content\/uploads\/2022\/02\/Kino-450x338.jpg 450w, https:\/\/graswurzle.ch\/wp-content\/uploads\/2022\/02\/Kino-600x450.jpg 600w, https:\/\/graswurzle.ch\/wp-content\/uploads\/2022\/02\/Kino-900x675.jpg 900w, https:\/\/graswurzle.ch\/wp-content\/uploads\/2022\/02\/Kino.jpg 2048w\" sizes=\"(max-width: 605px) 100vw, 605px\" \/>\t\t\t\t\t\t\t\t\t\t\t<figcaption class=\"widget-image-caption wp-caption-text\">Kult-Kino im S\u00e4uliamt<\/figcaption>\n\t\t\t\t\t\t\t\t\t\t<\/figure>\n\t\t\t\t\t\t\t<\/div>\n\t\t\t\t<\/div>\n\t\t\t\t<div class=\"elementor-element elementor-element-72f5748 elementor-widget elementor-widget-image\" data-id=\"72f5748\" data-element_type=\"widget\" data-widget_type=\"image.default\">\n\t\t\t\t<div class=\"elementor-widget-container\">\n\t\t\t\t\t\t\t\t\t\t<figure class=\"wp-caption\">\n\t\t\t\t\t\t\t\t\t\t<img decoding=\"async\" width=\"605\" height=\"454\" src=\"https:\/\/graswurzle.ch\/wp-content\/uploads\/2022\/02\/Wanne-1024x768.jpg\" class=\"attachment-large size-large wp-image-14531\" alt=\"\" srcset=\"https:\/\/graswurzle.ch\/wp-content\/uploads\/2022\/02\/Wanne-1024x768.jpg 1024w, https:\/\/graswurzle.ch\/wp-content\/uploads\/2022\/02\/Wanne-300x225.jpg 300w, https:\/\/graswurzle.ch\/wp-content\/uploads\/2022\/02\/Wanne-768x576.jpg 768w, https:\/\/graswurzle.ch\/wp-content\/uploads\/2022\/02\/Wanne-1536x1152.jpg 1536w, https:\/\/graswurzle.ch\/wp-content\/uploads\/2022\/02\/Wanne-16x12.jpg 16w, https:\/\/graswurzle.ch\/wp-content\/uploads\/2022\/02\/Wanne-100x75.jpg 100w, https:\/\/graswurzle.ch\/wp-content\/uploads\/2022\/02\/Wanne-150x113.jpg 150w, https:\/\/graswurzle.ch\/wp-content\/uploads\/2022\/02\/Wanne-200x150.jpg 200w, https:\/\/graswurzle.ch\/wp-content\/uploads\/2022\/02\/Wanne-450x338.jpg 450w, https:\/\/graswurzle.ch\/wp-content\/uploads\/2022\/02\/Wanne-600x450.jpg 600w, https:\/\/graswurzle.ch\/wp-content\/uploads\/2022\/02\/Wanne-900x675.jpg 900w, https:\/\/graswurzle.ch\/wp-content\/uploads\/2022\/02\/Wanne.jpg 2048w\" sizes=\"(max-width: 605px) 100vw, 605px\" \/>\t\t\t\t\t\t\t\t\t\t\t<figcaption class=\"widget-image-caption wp-caption-text\">Fassbadewanne<\/figcaption>\n\t\t\t\t\t\t\t\t\t\t<\/figure>\n\t\t\t\t\t\t\t<\/div>\n\t\t\t\t<\/div>\n\t\t\t\t<div class=\"elementor-element elementor-element-d437f31 elementor-widget elementor-widget-image\" data-id=\"d437f31\" data-element_type=\"widget\" data-widget_type=\"image.default\">\n\t\t\t\t<div class=\"elementor-widget-container\">\n\t\t\t\t\t\t\t\t\t\t<figure class=\"wp-caption\">\n\t\t\t\t\t\t\t\t\t\t<img decoding=\"async\" width=\"605\" height=\"404\" src=\"https:\/\/graswurzle.ch\/wp-content\/uploads\/2022\/02\/ThomasNeeser-1024x683.jpg\" class=\"attachment-large size-large wp-image-14532\" alt=\"\" srcset=\"https:\/\/graswurzle.ch\/wp-content\/uploads\/2022\/02\/ThomasNeeser-1024x683.jpg 1024w, https:\/\/graswurzle.ch\/wp-content\/uploads\/2022\/02\/ThomasNeeser-300x200.jpg 300w, https:\/\/graswurzle.ch\/wp-content\/uploads\/2022\/02\/ThomasNeeser-768x512.jpg 768w, https:\/\/graswurzle.ch\/wp-content\/uploads\/2022\/02\/ThomasNeeser-1536x1024.jpg 1536w, https:\/\/graswurzle.ch\/wp-content\/uploads\/2022\/02\/ThomasNeeser-18x12.jpg 18w, https:\/\/graswurzle.ch\/wp-content\/uploads\/2022\/02\/ThomasNeeser-100x67.jpg 100w, https:\/\/graswurzle.ch\/wp-content\/uploads\/2022\/02\/ThomasNeeser-150x100.jpg 150w, https:\/\/graswurzle.ch\/wp-content\/uploads\/2022\/02\/ThomasNeeser-200x133.jpg 200w, https:\/\/graswurzle.ch\/wp-content\/uploads\/2022\/02\/ThomasNeeser-450x300.jpg 450w, https:\/\/graswurzle.ch\/wp-content\/uploads\/2022\/02\/ThomasNeeser-600x400.jpg 600w, https:\/\/graswurzle.ch\/wp-content\/uploads\/2022\/02\/ThomasNeeser-900x600.jpg 900w, https:\/\/graswurzle.ch\/wp-content\/uploads\/2022\/02\/ThomasNeeser.jpg 2048w\" sizes=\"(max-width: 605px) 100vw, 605px\" \/>\t\t\t\t\t\t\t\t\t\t\t<figcaption class=\"widget-image-caption wp-caption-text\">Thomas Neeser<\/figcaption>\n\t\t\t\t\t\t\t\t\t\t<\/figure>\n\t\t\t\t\t\t\t<\/div>\n\t\t\t\t<\/div>\n\t\t\t\t\t<\/div>\n\t\t<\/div>\n\t\t\t\t\t<\/div>\n\t\t<\/section>\n\t\t\t\t\t<\/div>\n\t\t<\/div>\n\t\t\t\t\t<\/div>\n\t\t<\/section>\n\t\t\t\t<\/div>","protected":false},"excerpt":{"rendered":"<p>Das Biedermeier-Sofa und das Kult-Kino f\u00fcr freie Menschen Kino, Abendessen oder Wellness? Thomas Neeser macht\u2019s m\u00f6glich! In seiner Lokalit\u00e4t im S\u00e4uliamt verw\u00f6hnt er seine G\u00e4ste auch gerne mal mit einem Thai-Curry oder einer Suppe mit Salat und Brot. Das Kult-Kino &hellip;<\/p>\n<p class=\"read-more\"> <a class=\"more-link\" href=\"https:\/\/graswurzle.ch\/it\/das-biedermeier-sofa-und-das-kult-kino-fuer-freie-menschen\/\"> <span class=\"screen-reader-text\">Das Biedermeier-Sofa und das Kult-Kino f\u00fcr freie Menschen<\/span> Leggi tutto &raquo;<\/a><\/p>","protected":false},"author":13,"featured_media":12409,"comment_status":"open","ping_status":"open","sticky":false,"template":"elementor_header_footer","format":"standard","meta":{"footnotes":""},"categories":[33,51],"tags":[68,88,82,84,86,87,85],"class_list":["post-14526","post","type-post","status-publish","format-standard","has-post-thumbnail","hentry","category-graswurzle-geschichten","category-neue-gesellschaft","tag-essen","tag-filme","tag-kino","tag-kultur","tag-oase","tag-vernetzung","tag-wellness"],"acf":[],"yoast_head":"<!-- This site is optimized with the Yoast SEO plugin v24.9 - https:\/\/yoast.com\/wordpress\/plugins\/seo\/ -->\n<title>Das Biedermeier-Sofa und das Kult-Kino f\u00fcr freie Menschen - Graswurzle<\/title>\n<meta name=\"description\" content=\"Freie Menschen treffen sich f\u00fcr einen gem\u00fctlichen Kinoabend mit Essen und Wellness\" \/>\n<meta name=\"robots\" content=\"index, follow, max-snippet:-1, max-image-preview:large, max-video-preview:-1\" \/>\n<link rel=\"canonical\" href=\"https:\/\/graswurzle.ch\/it\/das-biedermeier-sofa-und-das-kult-kino-fuer-freie-menschen\/\" \/>\n<meta property=\"og:locale\" content=\"it_IT\" \/>\n<meta property=\"og:type\" content=\"article\" \/>\n<meta property=\"og:title\" content=\"Das Biedermeier-Sofa und das Kult-Kino f\u00fcr freie Menschen - Graswurzle\" \/>\n<meta property=\"og:description\" content=\"Freie Menschen treffen sich f\u00fcr einen gem\u00fctlichen Kinoabend mit Essen und Wellness\" \/>\n<meta property=\"og:url\" content=\"https:\/\/graswurzle.ch\/it\/das-biedermeier-sofa-und-das-kult-kino-fuer-freie-menschen\/\" \/>\n<meta property=\"og:site_name\" content=\"Graswurzle\" \/>\n<meta property=\"article:published_time\" content=\"2022-02-09T08:00:00+00:00\" \/>\n<meta property=\"article:modified_time\" content=\"2022-02-09T09:16:19+00:00\" \/>\n<meta property=\"og:image\" content=\"https:\/\/graswurzle.ch\/wp-content\/uploads\/2015\/10\/500X500thymian.jpg\" \/>\n\t<meta property=\"og:image:width\" content=\"500\" \/>\n\t<meta property=\"og:image:height\" content=\"500\" \/>\n\t<meta property=\"og:image:type\" content=\"image\/jpeg\" \/>\n<meta name=\"author\" content=\"Roman Westermann\" \/>\n<meta name=\"twitter:card\" content=\"summary_large_image\" \/>\n<meta name=\"twitter:label1\" content=\"Scritto da\" \/>\n\t<meta name=\"twitter:data1\" content=\"Roman Westermann\" \/>\n\t<meta name=\"twitter:label2\" content=\"Tempo di lettura stimato\" \/>\n\t<meta name=\"twitter:data2\" content=\"4 minuti\" \/>\n<script type=\"application\/ld+json\" class=\"yoast-schema-graph\">{\"@context\":\"https:\/\/schema.org\",\"@graph\":[{\"@type\":\"Article\",\"@id\":\"https:\/\/graswurzle.ch\/das-biedermeier-sofa-und-das-kult-kino-fuer-freie-menschen\/#article\",\"isPartOf\":{\"@id\":\"https:\/\/graswurzle.ch\/das-biedermeier-sofa-und-das-kult-kino-fuer-freie-menschen\/\"},\"author\":{\"name\":\"Roman Westermann\",\"@id\":\"https:\/\/graswurzle.ch\/#\/schema\/person\/a8b9d26058f8aba3ccbbf55b5216b7db\"},\"headline\":\"Das Biedermeier-Sofa und das Kult-Kino f\u00fcr freie Menschen\",\"datePublished\":\"2022-02-09T08:00:00+00:00\",\"dateModified\":\"2022-02-09T09:16:19+00:00\",\"mainEntityOfPage\":{\"@id\":\"https:\/\/graswurzle.ch\/das-biedermeier-sofa-und-das-kult-kino-fuer-freie-menschen\/\"},\"wordCount\":490,\"commentCount\":0,\"publisher\":{\"@id\":\"https:\/\/graswurzle.ch\/#organization\"},\"image\":{\"@id\":\"https:\/\/graswurzle.ch\/das-biedermeier-sofa-und-das-kult-kino-fuer-freie-menschen\/#primaryimage\"},\"thumbnailUrl\":\"https:\/\/graswurzle.ch\/wp-content\/uploads\/2015\/10\/500X500thymian.jpg\",\"keywords\":[\"Essen\",\"Filme\",\"Kino\",\"Kultur\",\"Oase\",\"Vernetzung\",\"Wellness\"],\"articleSection\":[\"Graswurzle Geschichten\",\"Neue Gesellschaft\"],\"inLanguage\":\"it-IT\",\"potentialAction\":[{\"@type\":\"CommentAction\",\"name\":\"Comment\",\"target\":[\"https:\/\/graswurzle.ch\/das-biedermeier-sofa-und-das-kult-kino-fuer-freie-menschen\/#respond\"]}]},{\"@type\":\"WebPage\",\"@id\":\"https:\/\/graswurzle.ch\/das-biedermeier-sofa-und-das-kult-kino-fuer-freie-menschen\/\",\"url\":\"https:\/\/graswurzle.ch\/das-biedermeier-sofa-und-das-kult-kino-fuer-freie-menschen\/\",\"name\":\"Das Biedermeier-Sofa und das Kult-Kino f\u00fcr freie Menschen - Graswurzle\",\"isPartOf\":{\"@id\":\"https:\/\/graswurzle.ch\/#website\"},\"primaryImageOfPage\":{\"@id\":\"https:\/\/graswurzle.ch\/das-biedermeier-sofa-und-das-kult-kino-fuer-freie-menschen\/#primaryimage\"},\"image\":{\"@id\":\"https:\/\/graswurzle.ch\/das-biedermeier-sofa-und-das-kult-kino-fuer-freie-menschen\/#primaryimage\"},\"thumbnailUrl\":\"https:\/\/graswurzle.ch\/wp-content\/uploads\/2015\/10\/500X500thymian.jpg\",\"datePublished\":\"2022-02-09T08:00:00+00:00\",\"dateModified\":\"2022-02-09T09:16:19+00:00\",\"description\":\"Freie Menschen treffen sich f\u00fcr einen gem\u00fctlichen Kinoabend mit Essen und Wellness\",\"breadcrumb\":{\"@id\":\"https:\/\/graswurzle.ch\/das-biedermeier-sofa-und-das-kult-kino-fuer-freie-menschen\/#breadcrumb\"},\"inLanguage\":\"it-IT\",\"potentialAction\":[{\"@type\":\"ReadAction\",\"target\":[\"https:\/\/graswurzle.ch\/das-biedermeier-sofa-und-das-kult-kino-fuer-freie-menschen\/\"]}]},{\"@type\":\"ImageObject\",\"inLanguage\":\"it-IT\",\"@id\":\"https:\/\/graswurzle.ch\/das-biedermeier-sofa-und-das-kult-kino-fuer-freie-menschen\/#primaryimage\",\"url\":\"https:\/\/graswurzle.ch\/wp-content\/uploads\/2015\/10\/500X500thymian.jpg\",\"contentUrl\":\"https:\/\/graswurzle.ch\/wp-content\/uploads\/2015\/10\/500X500thymian.jpg\",\"width\":500,\"height\":500},{\"@type\":\"BreadcrumbList\",\"@id\":\"https:\/\/graswurzle.ch\/das-biedermeier-sofa-und-das-kult-kino-fuer-freie-menschen\/#breadcrumb\",\"itemListElement\":[{\"@type\":\"ListItem\",\"position\":1,\"name\":\"Home\",\"item\":\"https:\/\/graswurzle.ch\/\"},{\"@type\":\"ListItem\",\"position\":2,\"name\":\"Das Biedermeier-Sofa und das Kult-Kino f\u00fcr freie Menschen\"}]},{\"@type\":\"WebSite\",\"@id\":\"https:\/\/graswurzle.ch\/#website\",\"url\":\"https:\/\/graswurzle.ch\/\",\"name\":\"Graswurzle\",\"description\":\"Begegnung -Beziehung -Boden f\u00fcr Neues!\",\"publisher\":{\"@id\":\"https:\/\/graswurzle.ch\/#organization\"},\"potentialAction\":[{\"@type\":\"SearchAction\",\"target\":{\"@type\":\"EntryPoint\",\"urlTemplate\":\"https:\/\/graswurzle.ch\/?s={search_term_string}\"},\"query-input\":{\"@type\":\"PropertyValueSpecification\",\"valueRequired\":true,\"valueName\":\"search_term_string\"}}],\"inLanguage\":\"it-IT\"},{\"@type\":\"Organization\",\"@id\":\"https:\/\/graswurzle.ch\/#organization\",\"name\":\"Graswurzle\",\"url\":\"https:\/\/graswurzle.ch\/\",\"logo\":{\"@type\":\"ImageObject\",\"inLanguage\":\"it-IT\",\"@id\":\"https:\/\/graswurzle.ch\/#\/schema\/logo\/image\/\",\"url\":\"https:\/\/graswurzle.ch\/wp-content\/uploads\/2024\/07\/cropped-gw_logo_neue_schrift.png\",\"contentUrl\":\"https:\/\/graswurzle.ch\/wp-content\/uploads\/2024\/07\/cropped-gw_logo_neue_schrift.png\",\"width\":1000,\"height\":373,\"caption\":\"Graswurzle\"},\"image\":{\"@id\":\"https:\/\/graswurzle.ch\/#\/schema\/logo\/image\/\"}},{\"@type\":\"Person\",\"@id\":\"https:\/\/graswurzle.ch\/#\/schema\/person\/a8b9d26058f8aba3ccbbf55b5216b7db\",\"name\":\"Roman Westermann\",\"image\":{\"@type\":\"ImageObject\",\"inLanguage\":\"it-IT\",\"@id\":\"https:\/\/graswurzle.ch\/#\/schema\/person\/image\/\",\"url\":\"https:\/\/graswurzle.ch\/wp-content\/litespeed\/avatar\/66e57fa5fd354d8ce6512e41d3f967fe.jpg?ver=1777143363\",\"contentUrl\":\"https:\/\/graswurzle.ch\/wp-content\/litespeed\/avatar\/66e57fa5fd354d8ce6512e41d3f967fe.jpg?ver=1777143363\",\"caption\":\"Roman Westermann\"},\"url\":\"https:\/\/graswurzle.ch\/it\/author\/roman-westermann\/\"}]}<\/script>\n<!-- \/ Yoast SEO plugin. -->","yoast_head_json":{"title":"Das Biedermeier-Sofa und das Kult-Kino f\u00fcr freie Menschen - Graswurzle","description":"Freie Menschen treffen sich f\u00fcr einen gem\u00fctlichen Kinoabend mit Essen und Wellness","robots":{"index":"index","follow":"follow","max-snippet":"max-snippet:-1","max-image-preview":"max-image-preview:large","max-video-preview":"max-video-preview:-1"},"canonical":"https:\/\/graswurzle.ch\/it\/das-biedermeier-sofa-und-das-kult-kino-fuer-freie-menschen\/","og_locale":"it_IT","og_type":"article","og_title":"Das Biedermeier-Sofa und das Kult-Kino f\u00fcr freie Menschen - Graswurzle","og_description":"Freie Menschen treffen sich f\u00fcr einen gem\u00fctlichen Kinoabend mit Essen und Wellness","og_url":"https:\/\/graswurzle.ch\/it\/das-biedermeier-sofa-und-das-kult-kino-fuer-freie-menschen\/","og_site_name":"Graswurzle","article_published_time":"2022-02-09T08:00:00+00:00","article_modified_time":"2022-02-09T09:16:19+00:00","og_image":[{"width":500,"height":500,"url":"https:\/\/graswurzle.ch\/wp-content\/uploads\/2015\/10\/500X500thymian.jpg","type":"image\/jpeg"}],"author":"Roman Westermann","twitter_card":"summary_large_image","twitter_misc":{"Scritto da":"Roman Westermann","Tempo di lettura stimato":"4 minuti"},"schema":{"@context":"https:\/\/schema.org","@graph":[{"@type":"Article","@id":"https:\/\/graswurzle.ch\/das-biedermeier-sofa-und-das-kult-kino-fuer-freie-menschen\/#article","isPartOf":{"@id":"https:\/\/graswurzle.ch\/das-biedermeier-sofa-und-das-kult-kino-fuer-freie-menschen\/"},"author":{"name":"Roman Westermann","@id":"https:\/\/graswurzle.ch\/#\/schema\/person\/a8b9d26058f8aba3ccbbf55b5216b7db"},"headline":"Das Biedermeier-Sofa und das Kult-Kino f\u00fcr freie Menschen","datePublished":"2022-02-09T08:00:00+00:00","dateModified":"2022-02-09T09:16:19+00:00","mainEntityOfPage":{"@id":"https:\/\/graswurzle.ch\/das-biedermeier-sofa-und-das-kult-kino-fuer-freie-menschen\/"},"wordCount":490,"commentCount":0,"publisher":{"@id":"https:\/\/graswurzle.ch\/#organization"},"image":{"@id":"https:\/\/graswurzle.ch\/das-biedermeier-sofa-und-das-kult-kino-fuer-freie-menschen\/#primaryimage"},"thumbnailUrl":"https:\/\/graswurzle.ch\/wp-content\/uploads\/2015\/10\/500X500thymian.jpg","keywords":["Essen","Filme","Kino","Kultur","Oase","Vernetzung","Wellness"],"articleSection":["Graswurzle Geschichten","Neue Gesellschaft"],"inLanguage":"it-IT","potentialAction":[{"@type":"CommentAction","name":"Comment","target":["https:\/\/graswurzle.ch\/das-biedermeier-sofa-und-das-kult-kino-fuer-freie-menschen\/#respond"]}]},{"@type":"WebPage","@id":"https:\/\/graswurzle.ch\/das-biedermeier-sofa-und-das-kult-kino-fuer-freie-menschen\/","url":"https:\/\/graswurzle.ch\/das-biedermeier-sofa-und-das-kult-kino-fuer-freie-menschen\/","name":"Das Biedermeier-Sofa und das Kult-Kino f\u00fcr freie Menschen - Graswurzle","isPartOf":{"@id":"https:\/\/graswurzle.ch\/#website"},"primaryImageOfPage":{"@id":"https:\/\/graswurzle.ch\/das-biedermeier-sofa-und-das-kult-kino-fuer-freie-menschen\/#primaryimage"},"image":{"@id":"https:\/\/graswurzle.ch\/das-biedermeier-sofa-und-das-kult-kino-fuer-freie-menschen\/#primaryimage"},"thumbnailUrl":"https:\/\/graswurzle.ch\/wp-content\/uploads\/2015\/10\/500X500thymian.jpg","datePublished":"2022-02-09T08:00:00+00:00","dateModified":"2022-02-09T09:16:19+00:00","description":"Freie Menschen treffen sich f\u00fcr einen gem\u00fctlichen Kinoabend mit Essen und Wellness","breadcrumb":{"@id":"https:\/\/graswurzle.ch\/das-biedermeier-sofa-und-das-kult-kino-fuer-freie-menschen\/#breadcrumb"},"inLanguage":"it-IT","potentialAction":[{"@type":"ReadAction","target":["https:\/\/graswurzle.ch\/das-biedermeier-sofa-und-das-kult-kino-fuer-freie-menschen\/"]}]},{"@type":"ImageObject","inLanguage":"it-IT","@id":"https:\/\/graswurzle.ch\/das-biedermeier-sofa-und-das-kult-kino-fuer-freie-menschen\/#primaryimage","url":"https:\/\/graswurzle.ch\/wp-content\/uploads\/2015\/10\/500X500thymian.jpg","contentUrl":"https:\/\/graswurzle.ch\/wp-content\/uploads\/2015\/10\/500X500thymian.jpg","width":500,"height":500},{"@type":"BreadcrumbList","@id":"https:\/\/graswurzle.ch\/das-biedermeier-sofa-und-das-kult-kino-fuer-freie-menschen\/#breadcrumb","itemListElement":[{"@type":"ListItem","position":1,"name":"Home","item":"https:\/\/graswurzle.ch\/"},{"@type":"ListItem","position":2,"name":"Das Biedermeier-Sofa und das Kult-Kino f\u00fcr freie Menschen"}]},{"@type":"WebSite","@id":"https:\/\/graswurzle.ch\/#website","url":"https:\/\/graswurzle.ch\/","name":"Graswurzle","description":"Begegnung -Beziehung -Boden f\u00fcr Neues!","publisher":{"@id":"https:\/\/graswurzle.ch\/#organization"},"potentialAction":[{"@type":"SearchAction","target":{"@type":"EntryPoint","urlTemplate":"https:\/\/graswurzle.ch\/?s={search_term_string}"},"query-input":{"@type":"PropertyValueSpecification","valueRequired":true,"valueName":"search_term_string"}}],"inLanguage":"it-IT"},{"@type":"Organization","@id":"https:\/\/graswurzle.ch\/#organization","name":"Graswurzle","url":"https:\/\/graswurzle.ch\/","logo":{"@type":"ImageObject","inLanguage":"it-IT","@id":"https:\/\/graswurzle.ch\/#\/schema\/logo\/image\/","url":"https:\/\/graswurzle.ch\/wp-content\/uploads\/2024\/07\/cropped-gw_logo_neue_schrift.png","contentUrl":"https:\/\/graswurzle.ch\/wp-content\/uploads\/2024\/07\/cropped-gw_logo_neue_schrift.png","width":1000,"height":373,"caption":"Graswurzle"},"image":{"@id":"https:\/\/graswurzle.ch\/#\/schema\/logo\/image\/"}},{"@type":"Person","@id":"https:\/\/graswurzle.ch\/#\/schema\/person\/a8b9d26058f8aba3ccbbf55b5216b7db","name":"Roman Westermann","image":{"@type":"ImageObject","inLanguage":"it-IT","@id":"https:\/\/graswurzle.ch\/#\/schema\/person\/image\/","url":"https:\/\/graswurzle.ch\/wp-content\/litespeed\/avatar\/66e57fa5fd354d8ce6512e41d3f967fe.jpg?ver=1777143363","contentUrl":"https:\/\/graswurzle.ch\/wp-content\/litespeed\/avatar\/66e57fa5fd354d8ce6512e41d3f967fe.jpg?ver=1777143363","caption":"Roman Westermann"},"url":"https:\/\/graswurzle.ch\/it\/author\/roman-westermann\/"}]}},"_links":{"self":[{"href":"https:\/\/graswurzle.ch\/it\/wp-json\/wp\/v2\/posts\/14526","targetHints":{"allow":["GET"]}}],"collection":[{"href":"https:\/\/graswurzle.ch\/it\/wp-json\/wp\/v2\/posts"}],"about":[{"href":"https:\/\/graswurzle.ch\/it\/wp-json\/wp\/v2\/types\/post"}],"author":[{"embeddable":true,"href":"https:\/\/graswurzle.ch\/it\/wp-json\/wp\/v2\/users\/13"}],"replies":[{"embeddable":true,"href":"https:\/\/graswurzle.ch\/it\/wp-json\/wp\/v2\/comments?post=14526"}],"version-history":[{"count":25,"href":"https:\/\/graswurzle.ch\/it\/wp-json\/wp\/v2\/posts\/14526\/revisions"}],"predecessor-version":[{"id":14566,"href":"https:\/\/graswurzle.ch\/it\/wp-json\/wp\/v2\/posts\/14526\/revisions\/14566"}],"wp:featuredmedia":[{"embeddable":true,"href":"https:\/\/graswurzle.ch\/it\/wp-json\/wp\/v2\/media\/12409"}],"wp:attachment":[{"href":"https:\/\/graswurzle.ch\/it\/wp-json\/wp\/v2\/media?parent=14526"}],"wp:term":[{"taxonomy":"category","embeddable":true,"href":"https:\/\/graswurzle.ch\/it\/wp-json\/wp\/v2\/categories?post=14526"},{"taxonomy":"post_tag","embeddable":true,"href":"https:\/\/graswurzle.ch\/it\/wp-json\/wp\/v2\/tags?post=14526"}],"curies":[{"name":"wp","href":"https:\/\/api.w.org\/{rel}","templated":true}]}}