{"id":18645,"date":"2023-03-15T07:00:11","date_gmt":"2023-03-15T06:00:11","guid":{"rendered":"https:\/\/graswurzle.ch\/?p=18645"},"modified":"2023-03-14T13:21:35","modified_gmt":"2023-03-14T12:21:35","slug":"in-der-villa-fortuna-lernen-kinder-mit-begeisterung","status":"publish","type":"post","link":"https:\/\/graswurzle.ch\/it\/in-der-villa-fortuna-lernen-kinder-mit-begeisterung\/","title":{"rendered":"In der \u00abVilla Fortuna\u00bb lernen Kinder mit Begeisterung"},"content":{"rendered":"<div data-elementor-type=\"wp-post\" data-elementor-id=\"18645\" class=\"elementor elementor-18645\" data-elementor-post-type=\"post\">\n\t\t\t\t\t\t<section class=\"elementor-section elementor-top-section elementor-element elementor-element-8e6875e elementor-section-stretched elementor-section-boxed elementor-section-height-default elementor-section-height-default\" data-id=\"8e6875e\" data-element_type=\"section\" data-settings=\"{&quot;stretch_section&quot;:&quot;section-stretched&quot;,&quot;background_background&quot;:&quot;classic&quot;}\">\n\t\t\t\t\t\t<div class=\"elementor-container elementor-column-gap-default\">\n\t\t\t\t\t<div class=\"elementor-column elementor-col-100 elementor-top-column elementor-element elementor-element-309f863\" data-id=\"309f863\" data-element_type=\"column\" data-settings=\"{&quot;background_background&quot;:&quot;classic&quot;}\">\n\t\t\t<div class=\"elementor-widget-wrap elementor-element-populated\">\n\t\t\t\t\t\t<section class=\"elementor-section elementor-inner-section elementor-element elementor-element-c5f0064 elementor-section-boxed elementor-section-height-default elementor-section-height-default\" data-id=\"c5f0064\" data-element_type=\"section\">\n\t\t\t\t\t\t<div class=\"elementor-container elementor-column-gap-default\">\n\t\t\t\t\t<div class=\"elementor-column elementor-col-50 elementor-inner-column elementor-element elementor-element-e6a17d6\" data-id=\"e6a17d6\" data-element_type=\"column\">\n\t\t\t<div class=\"elementor-widget-wrap elementor-element-populated\">\n\t\t\t\t\t\t<div class=\"elementor-element elementor-element-8f8e4ca elementor-widget elementor-widget-heading\" data-id=\"8f8e4ca\" data-element_type=\"widget\" data-widget_type=\"heading.default\">\n\t\t\t\t<div class=\"elementor-widget-container\">\n\t\t\t<h1 class=\"elementor-heading-title elementor-size-default\">In der \u00abVilla Fortuna\u00bb lernen Kinder mit Begeisterung\n<\/h1>\t\t<\/div>\n\t\t\t\t<\/div>\n\t\t\t\t<div class=\"elementor-element elementor-element-85f98c7 elementor-widget elementor-widget-heading\" data-id=\"85f98c7\" data-element_type=\"widget\" data-widget_type=\"heading.default\">\n\t\t\t\t<div class=\"elementor-widget-container\">\n\t\t\t<h3 class=\"elementor-heading-title elementor-size-default\">Ihres eigenen Gl\u00fcckes Schmied: Die \u00abVilla Fortuna\u00bb in Biberist geht neue Wege. Ende Februar 2023 nahm die Privatschule ihren Betrieb auf. Eltern, die Kindern ihren ganz eigenen Lernweg erm\u00f6glichen m\u00f6chten, bieten dort einen Rahmen, in dem sich Kinder frei und freudvoll entfalten k\u00f6nnen.<\/h3>\t\t<\/div>\n\t\t\t\t<\/div>\n\t\t\t\t<div class=\"elementor-element elementor-element-caa6500 elementor-widget elementor-widget-text-editor\" data-id=\"caa6500\" data-element_type=\"widget\" data-widget_type=\"text-editor.default\">\n\t\t\t\t<div class=\"elementor-widget-container\">\n\t\t\t\t\t\t\t<p><strong><em>Daniela Schwegler<\/em><\/strong><\/p><div><p style=\"font-weight: 400;\">Bis zur Er\u00f6ffnung mussten die Gr\u00fcnderinnen Bettina Kunz, Kathrin Kuckelsberg, Ramona Pfister und Margret Novell allerdings einige H\u00fcrden nehmen. Doch sie hielten durch. Und so hat sich ihre Vision eines Lernorts, an dem sich Kinder frei und gem\u00e4ss ihren eigenen Interessen entwickeln k\u00f6nnen, realisiert. Somit ist das Angebot im Raum Solothurn um eine Privatschule reicher geworden.\u00a0<\/p><p><strong>Selbstbestimmtes und famili\u00e4res Lernen<\/strong><\/p><p style=\"font-weight: 400;\">Das Herz des \u00abVilla Fortuna\u00bb-Lehrteams schl\u00e4gt f\u00fcr selbstbestimmtes und famili\u00e4res Lernen. Denn \u00abBegeisterung ist D\u00fcnger f\u00fcr das Gehirn!\u00bb, sagte schon Gerald H\u00fcther. \u00abKinder sind von Natur aus neugierig und m\u00f6chten lernen, wenn die Lernumgebung sinnerf\u00fcllt ist und es Spass macht\u00bb, stellt Bettina Kunz fest. Die Co-Schulleiterin und Primarlehrerin war von der ersten Stunde an mit dabei. Und f\u00fcr sie ist klar: \u00abDurch selbstbestimmtes Lernen im eigenen Rhythmus bleibt die Neugierde der Kinder und die Lust, Neues zu entdecken, erhalten.\u00bb<\/p><p style=\"font-weight: 400;\"><strong>Altersdurchmischte Lerngruppen<\/strong><\/p><p style=\"font-weight: 400;\">Durch einen verl\u00e4sslichen Rahmen bietet die <span style=\"text-decoration: underline;\"><a href=\"http:\/\/www.usdewurzle.ch\/villafortuna\">Villa Fortuna<\/a> <\/span>den Kindern Sicherheit und Orientierung. So k\u00f6nnen sie sich ganzheitlich zu gesunden und verantwortungsbewussten Menschen entwickeln. In altersdurchmischten Lerngruppen pflegen und erweitern sie ihre sozialen Kompetenzen. Kinder und LernbegleiterInnen lernen von- und miteinander und pflegen einen achtsamen Umgang miteinander. \u00abIn unserer Schule sind alle Menschen gleichwertig \u2013 Kinder wie Erwachsene. Jede und jeder Einzelne wird wertgesch\u00e4tzt. So schaffen wir die Basis f\u00fcr ein tragf\u00e4higes Beziehungsnetz.\u00bb<\/p><p style=\"font-weight: 400;\"><strong>Schule als Begegnungsort<\/strong><\/p><p style=\"font-weight: 400;\">Die Schule orientiert sich am Lehrplan 21. Eine wesentliche Rolle spielt auch die Natur. \u00abWir \u00fcben mit unseren Kindern, die Erde zu riechen, den Regen zu kosten, den Wind zu ber\u00fchren, sich an den Blumen zu erfreuen und ob des Sonnenaufgangs zu staunen\u00bb, sagt Bettina Kunz.<\/p><p>Die Privatschule ist aber auch ein Begegnungsort. Regelm\u00e4ssig l\u00e4dt sie zum Generationen Caf\u00e9 ein. Bei Kaffee, Tee und Kuchen pflegen dort Klein und Gross den Austausch und geniessen die sch\u00f6nen Begegnungen.<\/p><p style=\"font-weight: 400;\"><strong>Gegenseitiges Kennenlernen<\/strong><\/p><p style=\"font-weight: 400;\">Gelegenheit, das \u00abVilla Fortuna\u00bb-Team kennenzulernen, gibt es am <span style=\"text-decoration: underline;\"><strong>Samstagsmarkt,\u00a018. M\u00e4rz 2023, beim Bieltor in Solothurn<\/strong><\/span>. Frischer Kuchen, leckere Brownies und Muffins werden den Morgen vers\u00fcssen.<\/p><p style=\"font-weight: 400;\">Zudem sind Material- oder Geldspenden jederzeit sehr willkommen. \u00abUm unsere\u00a0Vision einer neuen und einzigartigen\u00a0Schule, die das Potential der kommenden Generationen f\u00f6rdert, fortzusetzen, sind wir sehr dankbar f\u00fcr jede Unterst\u00fctzung!\u00bb, so Bettina Kunz.<\/p><p style=\"font-weight: 400;\">Mehr Informationen: <span style=\"text-decoration: underline;\"><a href=\"http:\/\/www.usdewurzle.ch\/villafortuna\">Villa Fortuna<\/a><\/span><\/p><\/div>\t\t\t\t\t\t<\/div>\n\t\t\t\t<\/div>\n\t\t\t\t\t<\/div>\n\t\t<\/div>\n\t\t\t\t<div class=\"elementor-column elementor-col-50 elementor-inner-column elementor-element elementor-element-419d76f\" data-id=\"419d76f\" data-element_type=\"column\">\n\t\t\t<div class=\"elementor-widget-wrap elementor-element-populated\">\n\t\t\t\t\t\t<div class=\"elementor-element elementor-element-6af2959 elementor-widget elementor-widget-image\" data-id=\"6af2959\" data-element_type=\"widget\" data-widget_type=\"image.default\">\n\t\t\t\t<div class=\"elementor-widget-container\">\n\t\t\t\t\t\t\t\t\t\t<figure class=\"wp-caption\">\n\t\t\t\t\t\t\t\t\t\t<img fetchpriority=\"high\" decoding=\"async\" width=\"605\" height=\"540\" src=\"https:\/\/graswurzle.ch\/wp-content\/uploads\/2023\/03\/VillaFortuna_Bild-Kopie.jpg\" class=\"attachment-large size-large wp-image-18649\" alt=\"Lernort Villa Fortuna\" srcset=\"https:\/\/graswurzle.ch\/wp-content\/uploads\/2023\/03\/VillaFortuna_Bild-Kopie.jpg 650w, https:\/\/graswurzle.ch\/wp-content\/uploads\/2023\/03\/VillaFortuna_Bild-Kopie-300x268.jpg 300w, https:\/\/graswurzle.ch\/wp-content\/uploads\/2023\/03\/VillaFortuna_Bild-Kopie-13x12.jpg 13w, https:\/\/graswurzle.ch\/wp-content\/uploads\/2023\/03\/VillaFortuna_Bild-Kopie-100x89.jpg 100w, https:\/\/graswurzle.ch\/wp-content\/uploads\/2023\/03\/VillaFortuna_Bild-Kopie-150x134.jpg 150w, https:\/\/graswurzle.ch\/wp-content\/uploads\/2023\/03\/VillaFortuna_Bild-Kopie-200x178.jpg 200w, https:\/\/graswurzle.ch\/wp-content\/uploads\/2023\/03\/VillaFortuna_Bild-Kopie-450x402.jpg 450w, https:\/\/graswurzle.ch\/wp-content\/uploads\/2023\/03\/VillaFortuna_Bild-Kopie-600x535.jpg 600w\" sizes=\"(max-width: 605px) 100vw, 605px\" \/>\t\t\t\t\t\t\t\t\t\t\t<figcaption class=\"widget-image-caption wp-caption-text\">Kathrin Kuckelsberg, Ramona Pfister, Margret Novell, Bettina Kunz (v.l.n.r.)<\/figcaption>\n\t\t\t\t\t\t\t\t\t\t<\/figure>\n\t\t\t\t\t\t\t<\/div>\n\t\t\t\t<\/div>\n\t\t\t\t\t<\/div>\n\t\t<\/div>\n\t\t\t\t\t<\/div>\n\t\t<\/section>\n\t\t\t\t\t<\/div>\n\t\t<\/div>\n\t\t\t\t\t<\/div>\n\t\t<\/section>\n\t\t\t\t<section class=\"elementor-section elementor-top-section elementor-element elementor-element-b30daee elementor-section-boxed elementor-section-height-default elementor-section-height-default\" data-id=\"b30daee\" data-element_type=\"section\">\n\t\t\t\t\t\t<div class=\"elementor-container elementor-column-gap-default\">\n\t\t\t\t\t<div class=\"elementor-column elementor-col-100 elementor-top-column elementor-element elementor-element-3386246\" data-id=\"3386246\" data-element_type=\"column\">\n\t\t\t<div class=\"elementor-widget-wrap elementor-element-populated\">\n\t\t\t\t\t\t\t<\/div>\n\t\t<\/div>\n\t\t\t\t\t<\/div>\n\t\t<\/section>\n\t\t\t\t<\/div>","protected":false},"excerpt":{"rendered":"<p>In der \u00abVilla Fortuna\u00bb lernen Kinder mit Begeisterung Ihres eigenen Gl\u00fcckes Schmied: Die \u00abVilla Fortuna\u00bb in Biberist geht neue Wege. Ende Februar 2023 nahm die Privatschule ihren Betrieb auf. Eltern, die Kindern ihren ganz eigenen Lernweg erm\u00f6glichen m\u00f6chten, bieten dort &hellip;<\/p>\n<p class=\"read-more\"> <a class=\"more-link\" href=\"https:\/\/graswurzle.ch\/it\/in-der-villa-fortuna-lernen-kinder-mit-begeisterung\/\"> <span class=\"screen-reader-text\">In der \u00abVilla Fortuna\u00bb lernen Kinder mit Begeisterung<\/span> Leggi tutto &raquo;<\/a><\/p>","protected":false},"author":13,"featured_media":12548,"comment_status":"open","ping_status":"open","sticky":false,"template":"elementor_header_footer","format":"standard","meta":{"footnotes":""},"categories":[33,197,32],"tags":[351,348,349,347,350],"class_list":["post-18645","post","type-post","status-publish","format-standard","has-post-thumbnail","hentry","category-graswurzle-geschichten","category-parallelstrukturen","category-schulen","tag-kinder","tag-lernen","tag-privatschule","tag-schule","tag-schueler"],"acf":[],"yoast_head":"<!-- This site is optimized with the Yoast SEO plugin v24.9 - https:\/\/yoast.com\/wordpress\/plugins\/seo\/ -->\n<title>In der \u00abVilla Fortuna\u00bb lernen Kinder mit Begeisterung - Graswurzle<\/title>\n<meta name=\"description\" content=\"Die Vision eines Lernorts, an dem sich Kinder frei entwickeln k\u00f6nnen, ist wahr geworden. Das Herz des \u00abVilla Fortuna\u00bb-Lehrteams schl\u00e4gt f\u00fcr selbstbestimmtes und famili\u00e4res Lernen.\" \/>\n<meta name=\"robots\" content=\"index, follow, max-snippet:-1, max-image-preview:large, max-video-preview:-1\" \/>\n<link rel=\"canonical\" href=\"https:\/\/graswurzle.ch\/it\/in-der-villa-fortuna-lernen-kinder-mit-begeisterung\/\" \/>\n<meta property=\"og:locale\" content=\"it_IT\" \/>\n<meta property=\"og:type\" content=\"article\" \/>\n<meta property=\"og:title\" content=\"In der \u00abVilla Fortuna\u00bb lernen Kinder mit Begeisterung - Graswurzle\" \/>\n<meta property=\"og:description\" content=\"Die Vision eines Lernorts, an dem sich Kinder frei entwickeln k\u00f6nnen, ist wahr geworden. Das Herz des \u00abVilla Fortuna\u00bb-Lehrteams schl\u00e4gt f\u00fcr selbstbestimmtes und famili\u00e4res Lernen.\" \/>\n<meta property=\"og:url\" content=\"https:\/\/graswurzle.ch\/it\/in-der-villa-fortuna-lernen-kinder-mit-begeisterung\/\" \/>\n<meta property=\"og:site_name\" content=\"Graswurzle\" \/>\n<meta property=\"article:published_time\" content=\"2023-03-15T06:00:11+00:00\" \/>\n<meta property=\"og:image\" content=\"https:\/\/graswurzle.ch\/wp-content\/uploads\/2021\/11\/500X500_huflattich_NEU.jpg\" \/>\n\t<meta property=\"og:image:width\" content=\"500\" \/>\n\t<meta property=\"og:image:height\" content=\"500\" \/>\n\t<meta property=\"og:image:type\" content=\"image\/jpeg\" \/>\n<meta name=\"author\" content=\"Roman Westermann\" \/>\n<meta name=\"twitter:card\" content=\"summary_large_image\" \/>\n<meta name=\"twitter:label1\" content=\"Scritto da\" \/>\n\t<meta name=\"twitter:data1\" content=\"Roman Westermann\" \/>\n\t<meta name=\"twitter:label2\" content=\"Tempo di lettura stimato\" \/>\n\t<meta name=\"twitter:data2\" content=\"3 minuti\" \/>\n<script type=\"application\/ld+json\" class=\"yoast-schema-graph\">{\"@context\":\"https:\/\/schema.org\",\"@graph\":[{\"@type\":\"Article\",\"@id\":\"https:\/\/graswurzle.ch\/in-der-villa-fortuna-lernen-kinder-mit-begeisterung\/#article\",\"isPartOf\":{\"@id\":\"https:\/\/graswurzle.ch\/in-der-villa-fortuna-lernen-kinder-mit-begeisterung\/\"},\"author\":{\"name\":\"Roman Westermann\",\"@id\":\"https:\/\/graswurzle.ch\/#\/schema\/person\/a8b9d26058f8aba3ccbbf55b5216b7db\"},\"headline\":\"In der \u00abVilla Fortuna\u00bb lernen Kinder mit Begeisterung\",\"datePublished\":\"2023-03-15T06:00:11+00:00\",\"mainEntityOfPage\":{\"@id\":\"https:\/\/graswurzle.ch\/in-der-villa-fortuna-lernen-kinder-mit-begeisterung\/\"},\"wordCount\":463,\"commentCount\":0,\"publisher\":{\"@id\":\"https:\/\/graswurzle.ch\/#organization\"},\"image\":{\"@id\":\"https:\/\/graswurzle.ch\/in-der-villa-fortuna-lernen-kinder-mit-begeisterung\/#primaryimage\"},\"thumbnailUrl\":\"https:\/\/graswurzle.ch\/wp-content\/uploads\/2021\/11\/500X500_huflattich_NEU.jpg\",\"keywords\":[\"Kinder\",\"Lernen\",\"Privatschule\",\"Schule\",\"Sch\u00fcler\"],\"articleSection\":[\"Graswurzle Geschichten\",\"Parallelstrukturen\",\"Schulen\"],\"inLanguage\":\"it-IT\",\"potentialAction\":[{\"@type\":\"CommentAction\",\"name\":\"Comment\",\"target\":[\"https:\/\/graswurzle.ch\/in-der-villa-fortuna-lernen-kinder-mit-begeisterung\/#respond\"]}]},{\"@type\":\"WebPage\",\"@id\":\"https:\/\/graswurzle.ch\/in-der-villa-fortuna-lernen-kinder-mit-begeisterung\/\",\"url\":\"https:\/\/graswurzle.ch\/in-der-villa-fortuna-lernen-kinder-mit-begeisterung\/\",\"name\":\"In der \u00abVilla Fortuna\u00bb lernen Kinder mit Begeisterung - Graswurzle\",\"isPartOf\":{\"@id\":\"https:\/\/graswurzle.ch\/#website\"},\"primaryImageOfPage\":{\"@id\":\"https:\/\/graswurzle.ch\/in-der-villa-fortuna-lernen-kinder-mit-begeisterung\/#primaryimage\"},\"image\":{\"@id\":\"https:\/\/graswurzle.ch\/in-der-villa-fortuna-lernen-kinder-mit-begeisterung\/#primaryimage\"},\"thumbnailUrl\":\"https:\/\/graswurzle.ch\/wp-content\/uploads\/2021\/11\/500X500_huflattich_NEU.jpg\",\"datePublished\":\"2023-03-15T06:00:11+00:00\",\"description\":\"Die Vision eines Lernorts, an dem sich Kinder frei entwickeln k\u00f6nnen, ist wahr geworden. Das Herz des \u00abVilla Fortuna\u00bb-Lehrteams schl\u00e4gt f\u00fcr selbstbestimmtes und famili\u00e4res Lernen.\",\"breadcrumb\":{\"@id\":\"https:\/\/graswurzle.ch\/in-der-villa-fortuna-lernen-kinder-mit-begeisterung\/#breadcrumb\"},\"inLanguage\":\"it-IT\",\"potentialAction\":[{\"@type\":\"ReadAction\",\"target\":[\"https:\/\/graswurzle.ch\/in-der-villa-fortuna-lernen-kinder-mit-begeisterung\/\"]}]},{\"@type\":\"ImageObject\",\"inLanguage\":\"it-IT\",\"@id\":\"https:\/\/graswurzle.ch\/in-der-villa-fortuna-lernen-kinder-mit-begeisterung\/#primaryimage\",\"url\":\"https:\/\/graswurzle.ch\/wp-content\/uploads\/2021\/11\/500X500_huflattich_NEU.jpg\",\"contentUrl\":\"https:\/\/graswurzle.ch\/wp-content\/uploads\/2021\/11\/500X500_huflattich_NEU.jpg\",\"width\":500,\"height\":500},{\"@type\":\"BreadcrumbList\",\"@id\":\"https:\/\/graswurzle.ch\/in-der-villa-fortuna-lernen-kinder-mit-begeisterung\/#breadcrumb\",\"itemListElement\":[{\"@type\":\"ListItem\",\"position\":1,\"name\":\"Home\",\"item\":\"https:\/\/graswurzle.ch\/\"},{\"@type\":\"ListItem\",\"position\":2,\"name\":\"In der \u00abVilla Fortuna\u00bb lernen Kinder mit Begeisterung\"}]},{\"@type\":\"WebSite\",\"@id\":\"https:\/\/graswurzle.ch\/#website\",\"url\":\"https:\/\/graswurzle.ch\/\",\"name\":\"Graswurzle\",\"description\":\"Begegnung -Beziehung -Boden f\u00fcr Neues!\",\"publisher\":{\"@id\":\"https:\/\/graswurzle.ch\/#organization\"},\"potentialAction\":[{\"@type\":\"SearchAction\",\"target\":{\"@type\":\"EntryPoint\",\"urlTemplate\":\"https:\/\/graswurzle.ch\/?s={search_term_string}\"},\"query-input\":{\"@type\":\"PropertyValueSpecification\",\"valueRequired\":true,\"valueName\":\"search_term_string\"}}],\"inLanguage\":\"it-IT\"},{\"@type\":\"Organization\",\"@id\":\"https:\/\/graswurzle.ch\/#organization\",\"name\":\"Graswurzle\",\"url\":\"https:\/\/graswurzle.ch\/\",\"logo\":{\"@type\":\"ImageObject\",\"inLanguage\":\"it-IT\",\"@id\":\"https:\/\/graswurzle.ch\/#\/schema\/logo\/image\/\",\"url\":\"https:\/\/graswurzle.ch\/wp-content\/uploads\/2024\/07\/cropped-gw_logo_neue_schrift.png\",\"contentUrl\":\"https:\/\/graswurzle.ch\/wp-content\/uploads\/2024\/07\/cropped-gw_logo_neue_schrift.png\",\"width\":1000,\"height\":373,\"caption\":\"Graswurzle\"},\"image\":{\"@id\":\"https:\/\/graswurzle.ch\/#\/schema\/logo\/image\/\"}},{\"@type\":\"Person\",\"@id\":\"https:\/\/graswurzle.ch\/#\/schema\/person\/a8b9d26058f8aba3ccbbf55b5216b7db\",\"name\":\"Roman Westermann\",\"image\":{\"@type\":\"ImageObject\",\"inLanguage\":\"it-IT\",\"@id\":\"https:\/\/graswurzle.ch\/#\/schema\/person\/image\/\",\"url\":\"https:\/\/graswurzle.ch\/wp-content\/litespeed\/avatar\/66e57fa5fd354d8ce6512e41d3f967fe.jpg?ver=1777748462\",\"contentUrl\":\"https:\/\/graswurzle.ch\/wp-content\/litespeed\/avatar\/66e57fa5fd354d8ce6512e41d3f967fe.jpg?ver=1777748462\",\"caption\":\"Roman Westermann\"},\"url\":\"https:\/\/graswurzle.ch\/it\/author\/roman-westermann\/\"}]}<\/script>\n<!-- \/ Yoast SEO plugin. -->","yoast_head_json":{"title":"In der \u00abVilla Fortuna\u00bb lernen Kinder mit Begeisterung - Graswurzle","description":"Die Vision eines Lernorts, an dem sich Kinder frei entwickeln k\u00f6nnen, ist wahr geworden. Das Herz des \u00abVilla Fortuna\u00bb-Lehrteams schl\u00e4gt f\u00fcr selbstbestimmtes und famili\u00e4res Lernen.","robots":{"index":"index","follow":"follow","max-snippet":"max-snippet:-1","max-image-preview":"max-image-preview:large","max-video-preview":"max-video-preview:-1"},"canonical":"https:\/\/graswurzle.ch\/it\/in-der-villa-fortuna-lernen-kinder-mit-begeisterung\/","og_locale":"it_IT","og_type":"article","og_title":"In der \u00abVilla Fortuna\u00bb lernen Kinder mit Begeisterung - Graswurzle","og_description":"Die Vision eines Lernorts, an dem sich Kinder frei entwickeln k\u00f6nnen, ist wahr geworden. Das Herz des \u00abVilla Fortuna\u00bb-Lehrteams schl\u00e4gt f\u00fcr selbstbestimmtes und famili\u00e4res Lernen.","og_url":"https:\/\/graswurzle.ch\/it\/in-der-villa-fortuna-lernen-kinder-mit-begeisterung\/","og_site_name":"Graswurzle","article_published_time":"2023-03-15T06:00:11+00:00","og_image":[{"width":500,"height":500,"url":"https:\/\/graswurzle.ch\/wp-content\/uploads\/2021\/11\/500X500_huflattich_NEU.jpg","type":"image\/jpeg"}],"author":"Roman Westermann","twitter_card":"summary_large_image","twitter_misc":{"Scritto da":"Roman Westermann","Tempo di lettura stimato":"3 minuti"},"schema":{"@context":"https:\/\/schema.org","@graph":[{"@type":"Article","@id":"https:\/\/graswurzle.ch\/in-der-villa-fortuna-lernen-kinder-mit-begeisterung\/#article","isPartOf":{"@id":"https:\/\/graswurzle.ch\/in-der-villa-fortuna-lernen-kinder-mit-begeisterung\/"},"author":{"name":"Roman Westermann","@id":"https:\/\/graswurzle.ch\/#\/schema\/person\/a8b9d26058f8aba3ccbbf55b5216b7db"},"headline":"In der \u00abVilla Fortuna\u00bb lernen Kinder mit Begeisterung","datePublished":"2023-03-15T06:00:11+00:00","mainEntityOfPage":{"@id":"https:\/\/graswurzle.ch\/in-der-villa-fortuna-lernen-kinder-mit-begeisterung\/"},"wordCount":463,"commentCount":0,"publisher":{"@id":"https:\/\/graswurzle.ch\/#organization"},"image":{"@id":"https:\/\/graswurzle.ch\/in-der-villa-fortuna-lernen-kinder-mit-begeisterung\/#primaryimage"},"thumbnailUrl":"https:\/\/graswurzle.ch\/wp-content\/uploads\/2021\/11\/500X500_huflattich_NEU.jpg","keywords":["Kinder","Lernen","Privatschule","Schule","Sch\u00fcler"],"articleSection":["Graswurzle Geschichten","Parallelstrukturen","Schulen"],"inLanguage":"it-IT","potentialAction":[{"@type":"CommentAction","name":"Comment","target":["https:\/\/graswurzle.ch\/in-der-villa-fortuna-lernen-kinder-mit-begeisterung\/#respond"]}]},{"@type":"WebPage","@id":"https:\/\/graswurzle.ch\/in-der-villa-fortuna-lernen-kinder-mit-begeisterung\/","url":"https:\/\/graswurzle.ch\/in-der-villa-fortuna-lernen-kinder-mit-begeisterung\/","name":"In der \u00abVilla Fortuna\u00bb lernen Kinder mit Begeisterung - Graswurzle","isPartOf":{"@id":"https:\/\/graswurzle.ch\/#website"},"primaryImageOfPage":{"@id":"https:\/\/graswurzle.ch\/in-der-villa-fortuna-lernen-kinder-mit-begeisterung\/#primaryimage"},"image":{"@id":"https:\/\/graswurzle.ch\/in-der-villa-fortuna-lernen-kinder-mit-begeisterung\/#primaryimage"},"thumbnailUrl":"https:\/\/graswurzle.ch\/wp-content\/uploads\/2021\/11\/500X500_huflattich_NEU.jpg","datePublished":"2023-03-15T06:00:11+00:00","description":"Die Vision eines Lernorts, an dem sich Kinder frei entwickeln k\u00f6nnen, ist wahr geworden. Das Herz des \u00abVilla Fortuna\u00bb-Lehrteams schl\u00e4gt f\u00fcr selbstbestimmtes und famili\u00e4res Lernen.","breadcrumb":{"@id":"https:\/\/graswurzle.ch\/in-der-villa-fortuna-lernen-kinder-mit-begeisterung\/#breadcrumb"},"inLanguage":"it-IT","potentialAction":[{"@type":"ReadAction","target":["https:\/\/graswurzle.ch\/in-der-villa-fortuna-lernen-kinder-mit-begeisterung\/"]}]},{"@type":"ImageObject","inLanguage":"it-IT","@id":"https:\/\/graswurzle.ch\/in-der-villa-fortuna-lernen-kinder-mit-begeisterung\/#primaryimage","url":"https:\/\/graswurzle.ch\/wp-content\/uploads\/2021\/11\/500X500_huflattich_NEU.jpg","contentUrl":"https:\/\/graswurzle.ch\/wp-content\/uploads\/2021\/11\/500X500_huflattich_NEU.jpg","width":500,"height":500},{"@type":"BreadcrumbList","@id":"https:\/\/graswurzle.ch\/in-der-villa-fortuna-lernen-kinder-mit-begeisterung\/#breadcrumb","itemListElement":[{"@type":"ListItem","position":1,"name":"Home","item":"https:\/\/graswurzle.ch\/"},{"@type":"ListItem","position":2,"name":"In der \u00abVilla Fortuna\u00bb lernen Kinder mit Begeisterung"}]},{"@type":"WebSite","@id":"https:\/\/graswurzle.ch\/#website","url":"https:\/\/graswurzle.ch\/","name":"Graswurzle","description":"Begegnung -Beziehung -Boden f\u00fcr Neues!","publisher":{"@id":"https:\/\/graswurzle.ch\/#organization"},"potentialAction":[{"@type":"SearchAction","target":{"@type":"EntryPoint","urlTemplate":"https:\/\/graswurzle.ch\/?s={search_term_string}"},"query-input":{"@type":"PropertyValueSpecification","valueRequired":true,"valueName":"search_term_string"}}],"inLanguage":"it-IT"},{"@type":"Organization","@id":"https:\/\/graswurzle.ch\/#organization","name":"Graswurzle","url":"https:\/\/graswurzle.ch\/","logo":{"@type":"ImageObject","inLanguage":"it-IT","@id":"https:\/\/graswurzle.ch\/#\/schema\/logo\/image\/","url":"https:\/\/graswurzle.ch\/wp-content\/uploads\/2024\/07\/cropped-gw_logo_neue_schrift.png","contentUrl":"https:\/\/graswurzle.ch\/wp-content\/uploads\/2024\/07\/cropped-gw_logo_neue_schrift.png","width":1000,"height":373,"caption":"Graswurzle"},"image":{"@id":"https:\/\/graswurzle.ch\/#\/schema\/logo\/image\/"}},{"@type":"Person","@id":"https:\/\/graswurzle.ch\/#\/schema\/person\/a8b9d26058f8aba3ccbbf55b5216b7db","name":"Roman Westermann","image":{"@type":"ImageObject","inLanguage":"it-IT","@id":"https:\/\/graswurzle.ch\/#\/schema\/person\/image\/","url":"https:\/\/graswurzle.ch\/wp-content\/litespeed\/avatar\/66e57fa5fd354d8ce6512e41d3f967fe.jpg?ver=1777748462","contentUrl":"https:\/\/graswurzle.ch\/wp-content\/litespeed\/avatar\/66e57fa5fd354d8ce6512e41d3f967fe.jpg?ver=1777748462","caption":"Roman Westermann"},"url":"https:\/\/graswurzle.ch\/it\/author\/roman-westermann\/"}]}},"_links":{"self":[{"href":"https:\/\/graswurzle.ch\/it\/wp-json\/wp\/v2\/posts\/18645","targetHints":{"allow":["GET"]}}],"collection":[{"href":"https:\/\/graswurzle.ch\/it\/wp-json\/wp\/v2\/posts"}],"about":[{"href":"https:\/\/graswurzle.ch\/it\/wp-json\/wp\/v2\/types\/post"}],"author":[{"embeddable":true,"href":"https:\/\/graswurzle.ch\/it\/wp-json\/wp\/v2\/users\/13"}],"replies":[{"embeddable":true,"href":"https:\/\/graswurzle.ch\/it\/wp-json\/wp\/v2\/comments?post=18645"}],"version-history":[{"count":15,"href":"https:\/\/graswurzle.ch\/it\/wp-json\/wp\/v2\/posts\/18645\/revisions"}],"predecessor-version":[{"id":18686,"href":"https:\/\/graswurzle.ch\/it\/wp-json\/wp\/v2\/posts\/18645\/revisions\/18686"}],"wp:featuredmedia":[{"embeddable":true,"href":"https:\/\/graswurzle.ch\/it\/wp-json\/wp\/v2\/media\/12548"}],"wp:attachment":[{"href":"https:\/\/graswurzle.ch\/it\/wp-json\/wp\/v2\/media?parent=18645"}],"wp:term":[{"taxonomy":"category","embeddable":true,"href":"https:\/\/graswurzle.ch\/it\/wp-json\/wp\/v2\/categories?post=18645"},{"taxonomy":"post_tag","embeddable":true,"href":"https:\/\/graswurzle.ch\/it\/wp-json\/wp\/v2\/tags?post=18645"}],"curies":[{"name":"wp","href":"https:\/\/api.w.org\/{rel}","templated":true}]}}