{"id":24468,"date":"2024-12-10T14:35:11","date_gmt":"2024-12-10T13:35:11","guid":{"rendered":"https:\/\/graswurzle.ch\/?p=24468"},"modified":"2024-12-11T13:57:50","modified_gmt":"2024-12-11T12:57:50","slug":"die-graswurzle-bildungsgruppe-trifft-prof-gerald-huether","status":"publish","type":"post","link":"https:\/\/graswurzle.ch\/it\/die-graswurzle-bildungsgruppe-trifft-prof-gerald-huether\/","title":{"rendered":"Die Graswurzle Bildungsgruppe trifft Prof. Gerald H\u00fcther"},"content":{"rendered":"<h2 class=\"wp-block-heading\">&#8222;Echte Liebe ist das bedingungslose Interesse an der Entfaltung des Kindes.&#8220;<\/h2>\n\n\n\n<figure class=\"wp-block-image size-full\"><img fetchpriority=\"high\" decoding=\"async\" width=\"1280\" height=\"1019\" src=\"https:\/\/graswurzle.ch\/wp-content\/uploads\/2024\/12\/photo_2024-12-06-08.56.21.jpeg\" alt=\"\" class=\"wp-image-24470\" srcset=\"https:\/\/graswurzle.ch\/wp-content\/uploads\/2024\/12\/photo_2024-12-06-08.56.21.jpeg 1280w, https:\/\/graswurzle.ch\/wp-content\/uploads\/2024\/12\/photo_2024-12-06-08.56.21-300x239.jpeg 300w, https:\/\/graswurzle.ch\/wp-content\/uploads\/2024\/12\/photo_2024-12-06-08.56.21-1024x815.jpeg 1024w, https:\/\/graswurzle.ch\/wp-content\/uploads\/2024\/12\/photo_2024-12-06-08.56.21-768x611.jpeg 768w, https:\/\/graswurzle.ch\/wp-content\/uploads\/2024\/12\/photo_2024-12-06-08.56.21-15x12.jpeg 15w, https:\/\/graswurzle.ch\/wp-content\/uploads\/2024\/12\/photo_2024-12-06-08.56.21-100x80.jpeg 100w, https:\/\/graswurzle.ch\/wp-content\/uploads\/2024\/12\/photo_2024-12-06-08.56.21-150x119.jpeg 150w, https:\/\/graswurzle.ch\/wp-content\/uploads\/2024\/12\/photo_2024-12-06-08.56.21-200x159.jpeg 200w, https:\/\/graswurzle.ch\/wp-content\/uploads\/2024\/12\/photo_2024-12-06-08.56.21-450x358.jpeg 450w, https:\/\/graswurzle.ch\/wp-content\/uploads\/2024\/12\/photo_2024-12-06-08.56.21-600x478.jpeg 600w, https:\/\/graswurzle.ch\/wp-content\/uploads\/2024\/12\/photo_2024-12-06-08.56.21-900x716.jpeg 900w\" sizes=\"(max-width: 1280px) 100vw, 1280px\" \/><\/figure>\n\n\n\n<p>Von <strong>Jolanda Betschart und Kurt Scherrer<\/strong><\/p>\n\n\n\n<p>Als Zweiervertretung unserer Graswurzle-Arbeitsgruppe Bildung sind wir anfangs November 2024 in Basel mit Prof. Dr. Gerald H\u00fcther verabredet. Am Rande einer gr\u00f6sseren Wochenend-Veranstaltung, an der er hier als einer der renommiertesten und bekanntesten Hirnforscher und Neurobiologen Europas sprechen wird, haben wir bereits am ersten Nachmittag Gelegenheit bekommen, uns in Ruhe mit ihm zu treffen. Und bald schon sitzt er uns gegen\u00fcber; ein spontaner, sympathischer, unkomplizierter Mensch, mit dem man sofort ins Gespr\u00e4ch kommt. Uns als P\u00e4dagogen interessiert nat\u00fcrlich vor allem, was er aus Sicht seiner Fachwissenschaft zu Fragen rund um Schule, beziehungsweise schulische Entwicklungsbedingungen f\u00fcr Kinder und das Lernen schlechthin zu sagen hat.<\/p>\n\n\n\n<p><br>Dass Prof. H\u00fcther europaweit einer der gefragtesten Gespr\u00e4chs- und Interviewpartner ist, liegt bestimmt nicht nur an seinen zahlreichen Ver\u00f6ffentlichungen, sondern wohl auch daran, dass er weit \u00fcber sein eigentliches Fachgebiet hinaus, stets das gesamte Wohlbefinden des Menschen miteinzubeziehen sucht. In diese quasi ganzheitliche Betrachtungsweise geh\u00f6ren bei ihm als Forscher und Neurobiologen also nicht nur die entsprechenden neuronalen Verbindungen, die entsprechenden Hirnfunktionen und deren Lokalisationen, nebst den stammesgeschichtlichen Urspr\u00fcngen und Entwicklungen von Anatomie und Hirnphysiologie. Besonders wichtig sind ihm zum besseren Verst\u00e4ndnis einzelner Menschen immer die individuelle Vorgeschichte, und hier besonders der lebensgeschichtliche Erlebnishintergrund. Er versteht sich als &#8222;Br\u00fcckenbauer&#8220; zwischen wissenschaftlichen Erkenntnissen und gesellschaftlicher bzw. individueller Lebenspraxis. Damit bewegt er sich im p\u00e4dagogischen bzw. psychologischen bis psychiatrischen Grenzgebiet. Sein besonderes Interesse gilt den sogenannten &#8222;Verwicklungen&#8220;, wie er die Ph\u00e4nomene nennt. Andere Fachgebiete w\u00fcrden vielleicht von Entwicklungsst\u00f6rungen, \u00c4ngsten, Irrungen, psychischen Verletzungen, Fehlleitungen, Traumata, Hemmungen oder \u00c4hnlichem sprechen. Verwicklungen entstehen nach seinem Verst\u00e4ndnis immer im Zusammenhang mit Spezialisierungstendenzen und sind ausgepr\u00e4gte Hirnvernetzungen. Im Vordergrund seines 2015 gegr\u00fcndeten Instituts f\u00fcr Potentialentfaltung geht es um individuelle Aufarbeitung und die Schaffung g\u00fcnstigerer Voraussetzungen f\u00fcr die Entfaltung menschlicher Potentiale, wobei als Potential das gilt, was einem Menschen m\u00f6glich ist oder m\u00f6glich wird im Rahmen eines erweiterten M\u00f6glichkeitsraumes. Verwicklungen sollten ent-wickelt werden, denn ein fortschreitender Verwicklungsprozess hemmt, beschneidet Potential, beschr\u00e4nkt oder verhindert eine m\u00f6gliche Entwicklung und h\u00e4lt den Menschen insgesamt in seinen eigenen Vorstellungen und \u00dcberzeugungen gefangen. Darum sollen Menschen sich gegenseitig aus ihren Verwicklungen heraushelfen, sollen lernen, sich zu ent-wickeln, auszuwickeln, sollen lernen, gegenseitige Entwicklungshelfer zu werden.<\/p>\n\n\n\n<figure class=\"wp-block-image size-full\"><img decoding=\"async\" width=\"800\" height=\"600\" src=\"https:\/\/graswurzle.ch\/wp-content\/uploads\/2024\/12\/B010029.jpg\" alt=\"\" class=\"wp-image-24474\" srcset=\"https:\/\/graswurzle.ch\/wp-content\/uploads\/2024\/12\/B010029.jpg 800w, https:\/\/graswurzle.ch\/wp-content\/uploads\/2024\/12\/B010029-300x225.jpg 300w, https:\/\/graswurzle.ch\/wp-content\/uploads\/2024\/12\/B010029-768x576.jpg 768w, https:\/\/graswurzle.ch\/wp-content\/uploads\/2024\/12\/B010029-16x12.jpg 16w, https:\/\/graswurzle.ch\/wp-content\/uploads\/2024\/12\/B010029-100x75.jpg 100w, https:\/\/graswurzle.ch\/wp-content\/uploads\/2024\/12\/B010029-150x113.jpg 150w, https:\/\/graswurzle.ch\/wp-content\/uploads\/2024\/12\/B010029-200x150.jpg 200w, https:\/\/graswurzle.ch\/wp-content\/uploads\/2024\/12\/B010029-450x338.jpg 450w, https:\/\/graswurzle.ch\/wp-content\/uploads\/2024\/12\/B010029-600x450.jpg 600w\" sizes=\"(max-width: 800px) 100vw, 800px\" \/><\/figure>\n\n\n\n<p><br>Wenn man beispielsweise ein dreij\u00e4hriges Kind, das in der Regel noch keine nennenswerten Verwicklungen hat, beim spielerischen Turmbauen mit Holzkl\u00f6tzen beobachtet, will es diesen so gut wie nur m\u00f6glich machen. Das Bestreben zu<br>H\u00f6chstleistungen ist angeboren, Kinder wollen nicht mittelm\u00e4ssig sein, sie wollen schon von sich heraus immer die Besten sein. Dann kommt die Schule. Dort werden Leistungen bewertet, um daraus ein Ranking zu machen zwecks Selektion in Richtung eines &#8222;best performers&#8220;. Dahinter steht als wesentlicher Aspekt unseres Schulsystems die Vorstellung, dass es den Wettbewerb braucht, damit H\u00f6chstleistungen zustande kommen. Aber stimmt das? Braucht es das? Geht das nicht ohne Wettbewerb, ohne Leistung, ohne Selektion? Wollen wir diese Theorie in der Schule tats\u00e4chlich noch immer anwenden? Diese nach wie vor vorherrschende Vorstellung erinnert sehr an die einseitige wissenschaftliche Evolutionstheorie nach Darwin, wonach der Kampf ums Dasein \u00dcberlebens- bzw. Reproduktionsvorteile bringen kann. Die Evolutionstheorie aber beschreibt Spezialisierungsprozesse, nicht den evolution\u00e4ren Entwicklungsprozess selbst, der zu bestimmten Auspr\u00e4gungen f\u00fchrt, zu Herausbildungen, wie die<br>Entwicklungsvorg\u00e4nge im Tierreich zeigen. Spezialisierung heisst auch, dass anderes verloren geht oder zumindest nicht m\u00f6glich wird, womit andere wichtige Bereiche im Leben fehlen. Unser heutiges Schulkonzept ist ein Wirtschaftskonzept, das auf Wachstum ausgerichtet ist. Leistungen werden nur bewertet, weil die Schule den<br>Auftrag hat, zu selektionieren. Nicht zuletzt aus der Psychologie aber wissen wir, dass die intrinsische Motivation durch Druck kaputt geht. Damit entstehen zwangsl\u00e4ufig Verwicklungen, denn an die jungen Menschen werden Vorstellungen herangetragen, denen sie gen\u00fcgen sollen, nach denen sie sich ausrichten sollen, die ihnen aber nicht entgegenkommen, die ihren nat\u00fcrlichen Bestrebungen, insbesondere ihren zwei Grundbed\u00fcrfnissen nach Verbundenheit sowie Autonomie und Freiheit, nicht entsprechen. Was bei Tieren in der Evolutionsgeschichte teils<br>Opfer ihrer eigenen Spezialisierungen wurden, nennt H\u00fcther bei Menschen Verwicklungen.<\/p>\n\n\n\n<p><br>Damit meint Prof. H\u00fcther aber nicht, Spezialistentum sei grunds\u00e4tzlich falsch oder etwas Schlechtes; im Gegenteil, vielzellige Organismen d\u00fcrfen und sollen Spezialisten werden. Den einen Weg aus drohenden Verwicklungen, so meint er, zeigt uns die Entwicklungsgeschichte der Tierwelt, wo Spezialisten manchmal eine Gemeinschaft bilden, wodurch dann dank Zusammenarbeit und gegenseitigem Austausch einseitige Spezialisierungen weitgehend kompensiert werden k\u00f6nnen. Das ergibt auch eine Verbundenheit im Aussen. Dazu brauchen wir also gerade eben nicht Wettbewerb und Ausrottung. Universit\u00e4ten beispielsweise sprechen oft von Interdisziplinarit\u00e4t. Diese wird aber nur vordergr\u00fcndig gelebt, in Wirklichkeit schaut jeder nur auf seine eigenen Vorteile und Entwicklungen. Je mehr Spezialisierung, desto mehr Verbundenheit braucht&#8217;s, damit man sein Potential nicht verliert. Den anderen L\u00f6sungsweg der Evolution sieht Prof. H\u00fcther \u2013 und da steht seiner Ansicht nach im Moment die Menschheit \u2013, dass im vielzelligen Organismus das eigene Zellsystem so konstruiert ist, dass die (Hirn-)Zellen so plastisch und formbar bleiben, dass fortlaufend angepasst werden kann. Mit anderen Worten: Der eigene Spezialisierungsprozess mit seinen Verwicklungen und Sackgassen kann erkannt, bewusst gemacht und angepasst werden.<\/p>\n\n\n\n<p><br>Fast stichwortartig kurz erkl\u00e4rt hier Prof. H\u00fcther im Zusammenhang mit dem Hirn zun\u00e4chst die vier Stufen des Lernens: Die Aneignung von Wissen als kognitive Leistung bleibt im Kopf, im Hirn, im Cortex. Die zweite Stufe des Lernens, das Erkennen, der Erkenntnisgewinn, bleibt noch auf kognitiver Ebene im Kopf und bedeutet, ich kann etwas anwenden, es hat aber noch keinen direkten Einfluss auf mein Leben. In einem dritten Schritt geht ein gewisses Ergriffensein einher mit dem Prozess des Begreifens, das heisst, das Kognitive findet den Weg allm\u00e4hlich vertiefter in den K\u00f6rper zu den Gef\u00fchlen (limbisches System, Hippocampus, Amygdala, usw.) und verbindet sich mit diesen. Auf der vierten und letzten Lernstufe erst sprechen wir von Verstehen, von einem tiefen Verst\u00e4ndnis. Dieses durchdringt dann den ganzen K\u00f6rper bis in die F\u00fcsse. Erst wenn ich wirklich verstanden habe, kann oder muss ich handeln, sind Ver\u00e4nderungen m\u00f6glich.<\/p>\n\n\n\n<p><br>Was k\u00f6nnen wir als einzelne Menschen tun? Kinder zeigen mit ihren nat\u00fcrlichen Verhaltensweisen und ihrer Bereitschaft, sich immer wieder auf Neues einzulassen, oft eine gewisse &#8222;Unverwickeltheit&#8220;, was z.B. durch ihre Entdeckerfreude, ihren Gestaltungsdrang, ihre Innigkeit, ihre Verbundenheit, Offenheit, Neugierde, usw. zum Ausdruck kommt. Wir sollten g\u00fcnstige Bedingungen schaffen f\u00fcr ein freies und spielerisches Erkunden und Entdecken. Geschulte, kompetente und empathische Erwachsene sollen die Kinder begleiten, sie ermutigen, sie inspirieren. Und wir Erwachsene sollten aufh\u00f6ren, die Kinder stetig zu g\u00e4ngeln und sie nach unseren eigenen Vorstellungen formen zu wollen. Bei einem verwickelten Jugendlichen kann es Wunder wirken, wenn man ihn eine Zeitlang v\u00f6llig neue und komplett andere Erfahrungen erleben l\u00e4sst, wenn man mit ihm zusammen beispielsweise w\u00e4hrend einiger Monate auf eine lange Wanderung geht. Und wir k\u00f6nnen den Kindern und Jugendlichen als Vorbilder vorleben, was es heisst, ein zufriedener, autonomer, verbundener erwachsener Mensch zu sein \u2013 ein Vorleben als m\u00fcndiger und nicht mehr als ein bed\u00fcrftiger Mensch.<\/p>\n\n\n\n<p><br>Entscheidend \u00fcber allem steht wohl der Punkt, dass sich ein Kind angenommen, unterst\u00fctzt und geliebt f\u00fchlen muss, dass bei mir als sein Lehrer bei allem Sagen und Tun deutlich zum Ausdruck kommen muss, dass ich quasi ein gr\u00f6sseres Interesse an ihm, als mein Sch\u00fcler habe, als an mir selbst, oder anders ausgedr\u00fcckt, mit Prof. H\u00fcther&#8217;s Worten: Das Kind muss sp\u00fcren k\u00f6nnen, dass sein Gegen\u00fcber ein bedingungsloses Interesse an seiner Entfaltung hat.<\/p>\n\n\n\n<p><\/p>","protected":false},"excerpt":{"rendered":"<p>&#8222;Echte Liebe ist das bedingungslose Interesse an der Entfaltung des Kindes.&#8220; Von Jolanda Betschart und Kurt Scherrer Als Zweiervertretung unserer Graswurzle-Arbeitsgruppe Bildung sind wir anfangs November 2024 in Basel mit Prof. Dr. Gerald H\u00fcther verabredet. Am Rande einer gr\u00f6sseren Wochenend-Veranstaltung, &hellip;<\/p>\n<p class=\"read-more\"> <a class=\"more-link\" href=\"https:\/\/graswurzle.ch\/it\/die-graswurzle-bildungsgruppe-trifft-prof-gerald-huether\/\"> <span class=\"screen-reader-text\">Die Graswurzle Bildungsgruppe trifft Prof. Gerald H\u00fcther<\/span> Leggi tutto &raquo;<\/a><\/p>","protected":false},"author":13,"featured_media":24471,"comment_status":"open","ping_status":"open","sticky":false,"template":"","format":"standard","meta":{"footnotes":""},"categories":[1],"tags":[],"class_list":["post-24468","post","type-post","status-publish","format-standard","has-post-thumbnail","hentry","category-uncategorized"],"acf":[],"yoast_head":"<!-- This site is optimized with the Yoast SEO plugin v24.9 - https:\/\/yoast.com\/wordpress\/plugins\/seo\/ -->\n<title>Die Graswurzle Bildungsgruppe trifft Prof. Gerald H\u00fcther - Graswurzle<\/title>\n<meta name=\"description\" content=\"Graswurzle gibt dir Gelegenheit, dich mit Menschen aus deiner Region zu vernetzen, lokale Gemeinschaften und Alternativen aufzubauen.\" \/>\n<meta name=\"robots\" content=\"index, follow, max-snippet:-1, max-image-preview:large, max-video-preview:-1\" \/>\n<link rel=\"canonical\" href=\"https:\/\/graswurzle.ch\/it\/die-graswurzle-bildungsgruppe-trifft-prof-gerald-huether\/\" \/>\n<meta property=\"og:locale\" content=\"it_IT\" \/>\n<meta property=\"og:type\" content=\"article\" \/>\n<meta property=\"og:title\" content=\"Die Graswurzle Bildungsgruppe trifft Prof. Gerald H\u00fcther\" \/>\n<meta property=\"og:description\" content=\"Und bald schon sitzt er uns gegen\u00fcber; ein spontaner, sympathischer, unkomplizierter Mensch, mit dem man sofort ins Gespr\u00e4ch kommt. Uns als P\u00e4dagogen interessiert nat\u00fcrlich vor allem, was er aus Sicht seiner Fachwissenschaft zu Fragen rund um Schule, beziehungsweise schulische Entwicklungsbedingungen f\u00fcr Kinder und das Lernen schlechthin zu sagen hat...\" \/>\n<meta property=\"og:url\" content=\"https:\/\/graswurzle.ch\/it\/die-graswurzle-bildungsgruppe-trifft-prof-gerald-huether\/\" \/>\n<meta property=\"og:site_name\" content=\"Graswurzle\" \/>\n<meta property=\"article:published_time\" content=\"2024-12-10T13:35:11+00:00\" \/>\n<meta property=\"article:modified_time\" content=\"2024-12-11T12:57:50+00:00\" \/>\n<meta property=\"og:image\" content=\"https:\/\/graswurzle.ch\/wp-content\/uploads\/2024\/12\/B010035.jpg\" \/>\n\t<meta property=\"og:image:width\" content=\"800\" \/>\n\t<meta property=\"og:image:height\" content=\"600\" \/>\n\t<meta property=\"og:image:type\" content=\"image\/jpeg\" \/>\n<meta name=\"author\" content=\"Roman Westermann\" \/>\n<meta name=\"twitter:card\" content=\"summary_large_image\" \/>\n<meta name=\"twitter:title\" content=\"Die Graswurzle Bildungsgruppe trifft Prof. Gerald H\u00fcther\" \/>\n<meta name=\"twitter:description\" content=\"Und bald schon sitzt er uns gegen\u00fcber; ein spontaner, sympathischer, unkomplizierter Mensch, mit dem man sofort ins Gespr\u00e4ch kommt. Uns als P\u00e4dagogen interessiert nat\u00fcrlich vor allem, was er aus Sicht seiner Fachwissenschaft zu Fragen rund um Schule, beziehungsweise schulische Entwicklungsbedingungen f\u00fcr Kinder und das Lernen schlechthin zu sagen hat.\" \/>\n<meta name=\"twitter:image\" content=\"https:\/\/graswurzle.ch\/wp-content\/uploads\/2024\/12\/B010035.jpg\" \/>\n<meta name=\"twitter:label1\" content=\"Scritto da\" \/>\n\t<meta name=\"twitter:data1\" content=\"Roman Westermann\" \/>\n\t<meta name=\"twitter:label2\" content=\"Tempo di lettura stimato\" \/>\n\t<meta name=\"twitter:data2\" content=\"8 minuti\" \/>\n<script type=\"application\/ld+json\" class=\"yoast-schema-graph\">{\"@context\":\"https:\/\/schema.org\",\"@graph\":[{\"@type\":\"Article\",\"@id\":\"https:\/\/graswurzle.ch\/die-graswurzle-bildungsgruppe-trifft-prof-gerald-huether\/#article\",\"isPartOf\":{\"@id\":\"https:\/\/graswurzle.ch\/die-graswurzle-bildungsgruppe-trifft-prof-gerald-huether\/\"},\"author\":{\"name\":\"Roman Westermann\",\"@id\":\"https:\/\/graswurzle.ch\/#\/schema\/person\/a8b9d26058f8aba3ccbbf55b5216b7db\"},\"headline\":\"Die Graswurzle Bildungsgruppe trifft Prof. Gerald H\u00fcther\",\"datePublished\":\"2024-12-10T13:35:11+00:00\",\"dateModified\":\"2024-12-11T12:57:50+00:00\",\"mainEntityOfPage\":{\"@id\":\"https:\/\/graswurzle.ch\/die-graswurzle-bildungsgruppe-trifft-prof-gerald-huether\/\"},\"wordCount\":1282,\"commentCount\":2,\"publisher\":{\"@id\":\"https:\/\/graswurzle.ch\/#organization\"},\"image\":{\"@id\":\"https:\/\/graswurzle.ch\/die-graswurzle-bildungsgruppe-trifft-prof-gerald-huether\/#primaryimage\"},\"thumbnailUrl\":\"https:\/\/graswurzle.ch\/wp-content\/uploads\/2024\/12\/B010035.jpg\",\"articleSection\":[\"Uncategorized\"],\"inLanguage\":\"it-IT\",\"potentialAction\":[{\"@type\":\"CommentAction\",\"name\":\"Comment\",\"target\":[\"https:\/\/graswurzle.ch\/die-graswurzle-bildungsgruppe-trifft-prof-gerald-huether\/#respond\"]}]},{\"@type\":\"WebPage\",\"@id\":\"https:\/\/graswurzle.ch\/die-graswurzle-bildungsgruppe-trifft-prof-gerald-huether\/\",\"url\":\"https:\/\/graswurzle.ch\/die-graswurzle-bildungsgruppe-trifft-prof-gerald-huether\/\",\"name\":\"Die Graswurzle Bildungsgruppe trifft Prof. Gerald H\u00fcther - Graswurzle\",\"isPartOf\":{\"@id\":\"https:\/\/graswurzle.ch\/#website\"},\"primaryImageOfPage\":{\"@id\":\"https:\/\/graswurzle.ch\/die-graswurzle-bildungsgruppe-trifft-prof-gerald-huether\/#primaryimage\"},\"image\":{\"@id\":\"https:\/\/graswurzle.ch\/die-graswurzle-bildungsgruppe-trifft-prof-gerald-huether\/#primaryimage\"},\"thumbnailUrl\":\"https:\/\/graswurzle.ch\/wp-content\/uploads\/2024\/12\/B010035.jpg\",\"datePublished\":\"2024-12-10T13:35:11+00:00\",\"dateModified\":\"2024-12-11T12:57:50+00:00\",\"description\":\"Graswurzle gibt dir Gelegenheit, dich mit Menschen aus deiner Region zu vernetzen, lokale Gemeinschaften und Alternativen aufzubauen.\",\"breadcrumb\":{\"@id\":\"https:\/\/graswurzle.ch\/die-graswurzle-bildungsgruppe-trifft-prof-gerald-huether\/#breadcrumb\"},\"inLanguage\":\"it-IT\",\"potentialAction\":[{\"@type\":\"ReadAction\",\"target\":[\"https:\/\/graswurzle.ch\/die-graswurzle-bildungsgruppe-trifft-prof-gerald-huether\/\"]}]},{\"@type\":\"ImageObject\",\"inLanguage\":\"it-IT\",\"@id\":\"https:\/\/graswurzle.ch\/die-graswurzle-bildungsgruppe-trifft-prof-gerald-huether\/#primaryimage\",\"url\":\"https:\/\/graswurzle.ch\/wp-content\/uploads\/2024\/12\/B010035.jpg\",\"contentUrl\":\"https:\/\/graswurzle.ch\/wp-content\/uploads\/2024\/12\/B010035.jpg\",\"width\":800,\"height\":600},{\"@type\":\"BreadcrumbList\",\"@id\":\"https:\/\/graswurzle.ch\/die-graswurzle-bildungsgruppe-trifft-prof-gerald-huether\/#breadcrumb\",\"itemListElement\":[{\"@type\":\"ListItem\",\"position\":1,\"name\":\"Home\",\"item\":\"https:\/\/graswurzle.ch\/\"},{\"@type\":\"ListItem\",\"position\":2,\"name\":\"Die Graswurzle Bildungsgruppe trifft Prof. Gerald H\u00fcther\"}]},{\"@type\":\"WebSite\",\"@id\":\"https:\/\/graswurzle.ch\/#website\",\"url\":\"https:\/\/graswurzle.ch\/\",\"name\":\"Graswurzle\",\"description\":\"Begegnung -Beziehung -Boden f\u00fcr Neues!\",\"publisher\":{\"@id\":\"https:\/\/graswurzle.ch\/#organization\"},\"potentialAction\":[{\"@type\":\"SearchAction\",\"target\":{\"@type\":\"EntryPoint\",\"urlTemplate\":\"https:\/\/graswurzle.ch\/?s={search_term_string}\"},\"query-input\":{\"@type\":\"PropertyValueSpecification\",\"valueRequired\":true,\"valueName\":\"search_term_string\"}}],\"inLanguage\":\"it-IT\"},{\"@type\":\"Organization\",\"@id\":\"https:\/\/graswurzle.ch\/#organization\",\"name\":\"Graswurzle\",\"url\":\"https:\/\/graswurzle.ch\/\",\"logo\":{\"@type\":\"ImageObject\",\"inLanguage\":\"it-IT\",\"@id\":\"https:\/\/graswurzle.ch\/#\/schema\/logo\/image\/\",\"url\":\"https:\/\/graswurzle.ch\/wp-content\/uploads\/2024\/07\/cropped-gw_logo_neue_schrift.png\",\"contentUrl\":\"https:\/\/graswurzle.ch\/wp-content\/uploads\/2024\/07\/cropped-gw_logo_neue_schrift.png\",\"width\":1000,\"height\":373,\"caption\":\"Graswurzle\"},\"image\":{\"@id\":\"https:\/\/graswurzle.ch\/#\/schema\/logo\/image\/\"}},{\"@type\":\"Person\",\"@id\":\"https:\/\/graswurzle.ch\/#\/schema\/person\/a8b9d26058f8aba3ccbbf55b5216b7db\",\"name\":\"Roman Westermann\",\"image\":{\"@type\":\"ImageObject\",\"inLanguage\":\"it-IT\",\"@id\":\"https:\/\/graswurzle.ch\/#\/schema\/person\/image\/\",\"url\":\"https:\/\/graswurzle.ch\/wp-content\/litespeed\/avatar\/66e57fa5fd354d8ce6512e41d3f967fe.jpg?ver=1777748462\",\"contentUrl\":\"https:\/\/graswurzle.ch\/wp-content\/litespeed\/avatar\/66e57fa5fd354d8ce6512e41d3f967fe.jpg?ver=1777748462\",\"caption\":\"Roman Westermann\"},\"url\":\"https:\/\/graswurzle.ch\/it\/author\/roman-westermann\/\"}]}<\/script>\n<!-- \/ Yoast SEO plugin. -->","yoast_head_json":{"title":"Die Graswurzle Bildungsgruppe trifft Prof. Gerald H\u00fcther - Graswurzle","description":"Graswurzle gibt dir Gelegenheit, dich mit Menschen aus deiner Region zu vernetzen, lokale Gemeinschaften und Alternativen aufzubauen.","robots":{"index":"index","follow":"follow","max-snippet":"max-snippet:-1","max-image-preview":"max-image-preview:large","max-video-preview":"max-video-preview:-1"},"canonical":"https:\/\/graswurzle.ch\/it\/die-graswurzle-bildungsgruppe-trifft-prof-gerald-huether\/","og_locale":"it_IT","og_type":"article","og_title":"Die Graswurzle Bildungsgruppe trifft Prof. Gerald H\u00fcther","og_description":"Und bald schon sitzt er uns gegen\u00fcber; ein spontaner, sympathischer, unkomplizierter Mensch, mit dem man sofort ins Gespr\u00e4ch kommt. Uns als P\u00e4dagogen interessiert nat\u00fcrlich vor allem, was er aus Sicht seiner Fachwissenschaft zu Fragen rund um Schule, beziehungsweise schulische Entwicklungsbedingungen f\u00fcr Kinder und das Lernen schlechthin zu sagen hat...","og_url":"https:\/\/graswurzle.ch\/it\/die-graswurzle-bildungsgruppe-trifft-prof-gerald-huether\/","og_site_name":"Graswurzle","article_published_time":"2024-12-10T13:35:11+00:00","article_modified_time":"2024-12-11T12:57:50+00:00","og_image":[{"width":800,"height":600,"url":"https:\/\/graswurzle.ch\/wp-content\/uploads\/2024\/12\/B010035.jpg","type":"image\/jpeg"}],"author":"Roman Westermann","twitter_card":"summary_large_image","twitter_title":"Die Graswurzle Bildungsgruppe trifft Prof. Gerald H\u00fcther","twitter_description":"Und bald schon sitzt er uns gegen\u00fcber; ein spontaner, sympathischer, unkomplizierter Mensch, mit dem man sofort ins Gespr\u00e4ch kommt. Uns als P\u00e4dagogen interessiert nat\u00fcrlich vor allem, was er aus Sicht seiner Fachwissenschaft zu Fragen rund um Schule, beziehungsweise schulische Entwicklungsbedingungen f\u00fcr Kinder und das Lernen schlechthin zu sagen hat.","twitter_image":"https:\/\/graswurzle.ch\/wp-content\/uploads\/2024\/12\/B010035.jpg","twitter_misc":{"Scritto da":"Roman Westermann","Tempo di lettura stimato":"8 minuti"},"schema":{"@context":"https:\/\/schema.org","@graph":[{"@type":"Article","@id":"https:\/\/graswurzle.ch\/die-graswurzle-bildungsgruppe-trifft-prof-gerald-huether\/#article","isPartOf":{"@id":"https:\/\/graswurzle.ch\/die-graswurzle-bildungsgruppe-trifft-prof-gerald-huether\/"},"author":{"name":"Roman Westermann","@id":"https:\/\/graswurzle.ch\/#\/schema\/person\/a8b9d26058f8aba3ccbbf55b5216b7db"},"headline":"Die Graswurzle Bildungsgruppe trifft Prof. Gerald H\u00fcther","datePublished":"2024-12-10T13:35:11+00:00","dateModified":"2024-12-11T12:57:50+00:00","mainEntityOfPage":{"@id":"https:\/\/graswurzle.ch\/die-graswurzle-bildungsgruppe-trifft-prof-gerald-huether\/"},"wordCount":1282,"commentCount":2,"publisher":{"@id":"https:\/\/graswurzle.ch\/#organization"},"image":{"@id":"https:\/\/graswurzle.ch\/die-graswurzle-bildungsgruppe-trifft-prof-gerald-huether\/#primaryimage"},"thumbnailUrl":"https:\/\/graswurzle.ch\/wp-content\/uploads\/2024\/12\/B010035.jpg","articleSection":["Uncategorized"],"inLanguage":"it-IT","potentialAction":[{"@type":"CommentAction","name":"Comment","target":["https:\/\/graswurzle.ch\/die-graswurzle-bildungsgruppe-trifft-prof-gerald-huether\/#respond"]}]},{"@type":"WebPage","@id":"https:\/\/graswurzle.ch\/die-graswurzle-bildungsgruppe-trifft-prof-gerald-huether\/","url":"https:\/\/graswurzle.ch\/die-graswurzle-bildungsgruppe-trifft-prof-gerald-huether\/","name":"Die Graswurzle Bildungsgruppe trifft Prof. Gerald H\u00fcther - Graswurzle","isPartOf":{"@id":"https:\/\/graswurzle.ch\/#website"},"primaryImageOfPage":{"@id":"https:\/\/graswurzle.ch\/die-graswurzle-bildungsgruppe-trifft-prof-gerald-huether\/#primaryimage"},"image":{"@id":"https:\/\/graswurzle.ch\/die-graswurzle-bildungsgruppe-trifft-prof-gerald-huether\/#primaryimage"},"thumbnailUrl":"https:\/\/graswurzle.ch\/wp-content\/uploads\/2024\/12\/B010035.jpg","datePublished":"2024-12-10T13:35:11+00:00","dateModified":"2024-12-11T12:57:50+00:00","description":"Graswurzle gibt dir Gelegenheit, dich mit Menschen aus deiner Region zu vernetzen, lokale Gemeinschaften und Alternativen aufzubauen.","breadcrumb":{"@id":"https:\/\/graswurzle.ch\/die-graswurzle-bildungsgruppe-trifft-prof-gerald-huether\/#breadcrumb"},"inLanguage":"it-IT","potentialAction":[{"@type":"ReadAction","target":["https:\/\/graswurzle.ch\/die-graswurzle-bildungsgruppe-trifft-prof-gerald-huether\/"]}]},{"@type":"ImageObject","inLanguage":"it-IT","@id":"https:\/\/graswurzle.ch\/die-graswurzle-bildungsgruppe-trifft-prof-gerald-huether\/#primaryimage","url":"https:\/\/graswurzle.ch\/wp-content\/uploads\/2024\/12\/B010035.jpg","contentUrl":"https:\/\/graswurzle.ch\/wp-content\/uploads\/2024\/12\/B010035.jpg","width":800,"height":600},{"@type":"BreadcrumbList","@id":"https:\/\/graswurzle.ch\/die-graswurzle-bildungsgruppe-trifft-prof-gerald-huether\/#breadcrumb","itemListElement":[{"@type":"ListItem","position":1,"name":"Home","item":"https:\/\/graswurzle.ch\/"},{"@type":"ListItem","position":2,"name":"Die Graswurzle Bildungsgruppe trifft Prof. Gerald H\u00fcther"}]},{"@type":"WebSite","@id":"https:\/\/graswurzle.ch\/#website","url":"https:\/\/graswurzle.ch\/","name":"Graswurzle","description":"Begegnung -Beziehung -Boden f\u00fcr Neues!","publisher":{"@id":"https:\/\/graswurzle.ch\/#organization"},"potentialAction":[{"@type":"SearchAction","target":{"@type":"EntryPoint","urlTemplate":"https:\/\/graswurzle.ch\/?s={search_term_string}"},"query-input":{"@type":"PropertyValueSpecification","valueRequired":true,"valueName":"search_term_string"}}],"inLanguage":"it-IT"},{"@type":"Organization","@id":"https:\/\/graswurzle.ch\/#organization","name":"Graswurzle","url":"https:\/\/graswurzle.ch\/","logo":{"@type":"ImageObject","inLanguage":"it-IT","@id":"https:\/\/graswurzle.ch\/#\/schema\/logo\/image\/","url":"https:\/\/graswurzle.ch\/wp-content\/uploads\/2024\/07\/cropped-gw_logo_neue_schrift.png","contentUrl":"https:\/\/graswurzle.ch\/wp-content\/uploads\/2024\/07\/cropped-gw_logo_neue_schrift.png","width":1000,"height":373,"caption":"Graswurzle"},"image":{"@id":"https:\/\/graswurzle.ch\/#\/schema\/logo\/image\/"}},{"@type":"Person","@id":"https:\/\/graswurzle.ch\/#\/schema\/person\/a8b9d26058f8aba3ccbbf55b5216b7db","name":"Roman Westermann","image":{"@type":"ImageObject","inLanguage":"it-IT","@id":"https:\/\/graswurzle.ch\/#\/schema\/person\/image\/","url":"https:\/\/graswurzle.ch\/wp-content\/litespeed\/avatar\/66e57fa5fd354d8ce6512e41d3f967fe.jpg?ver=1777748462","contentUrl":"https:\/\/graswurzle.ch\/wp-content\/litespeed\/avatar\/66e57fa5fd354d8ce6512e41d3f967fe.jpg?ver=1777748462","caption":"Roman Westermann"},"url":"https:\/\/graswurzle.ch\/it\/author\/roman-westermann\/"}]}},"_links":{"self":[{"href":"https:\/\/graswurzle.ch\/it\/wp-json\/wp\/v2\/posts\/24468","targetHints":{"allow":["GET"]}}],"collection":[{"href":"https:\/\/graswurzle.ch\/it\/wp-json\/wp\/v2\/posts"}],"about":[{"href":"https:\/\/graswurzle.ch\/it\/wp-json\/wp\/v2\/types\/post"}],"author":[{"embeddable":true,"href":"https:\/\/graswurzle.ch\/it\/wp-json\/wp\/v2\/users\/13"}],"replies":[{"embeddable":true,"href":"https:\/\/graswurzle.ch\/it\/wp-json\/wp\/v2\/comments?post=24468"}],"version-history":[{"count":9,"href":"https:\/\/graswurzle.ch\/it\/wp-json\/wp\/v2\/posts\/24468\/revisions"}],"predecessor-version":[{"id":24490,"href":"https:\/\/graswurzle.ch\/it\/wp-json\/wp\/v2\/posts\/24468\/revisions\/24490"}],"wp:featuredmedia":[{"embeddable":true,"href":"https:\/\/graswurzle.ch\/it\/wp-json\/wp\/v2\/media\/24471"}],"wp:attachment":[{"href":"https:\/\/graswurzle.ch\/it\/wp-json\/wp\/v2\/media?parent=24468"}],"wp:term":[{"taxonomy":"category","embeddable":true,"href":"https:\/\/graswurzle.ch\/it\/wp-json\/wp\/v2\/categories?post=24468"},{"taxonomy":"post_tag","embeddable":true,"href":"https:\/\/graswurzle.ch\/it\/wp-json\/wp\/v2\/tags?post=24468"}],"curies":[{"name":"wp","href":"https:\/\/api.w.org\/{rel}","templated":true}]}}